{"id":56037,"date":"2019-07-13T11:59:21","date_gmt":"2019-07-13T14:59:21","guid":{"rendered":"https:\/\/eldiariodesanpedro.com.ar\/sitio\/?p=56037"},"modified":"2019-07-13T11:59:25","modified_gmt":"2019-07-13T14:59:25","slug":"allanamiento-positivo-por-tenencia-ilegal-de-armas","status":"publish","type":"post","link":"https:\/\/eldiariodesanpedro.com.ar\/sitio\/allanamiento-positivo-por-tenencia-ilegal-de-armas\/","title":{"rendered":"Allanamiento positivo por tenencia ilegal de armas"},"content":{"rendered":"<!-- VideographyWP Plugin Message: Automatic video embedding prevented by plugin options. -->\n\n<p>A Ra\u00edz de una  denuncia radicada en la Comisar\u00eda  de la Mujer y Flia. se procede a un allanamiento de urgencia en el domicilio denunciado obteniendo resultado positivo.<\/p>\n\n\n\n<p>La diligencia se realizo en calle Jos\u00e9 Hern\u00e1ndez al 2100,  donde reside un masculino de 57 a\u00f1os de edad, donde se procede\u00a0 al secuestro de dos armas de fuego y cartucher\u00eda, quedando aprehendido el morador. <\/p>\n\n\n\n<p>Tras ser alojado en la dependencia y comunicaci\u00f3n con instructor dispone notificaci\u00f3n Art 60 del CPP, recaudos legales. Intervenci\u00f3n UFI 5.<br><\/p>\n","protected":false},"excerpt":{"rendered":"<p>A Ra\u00edz de una denuncia radicada en la Comisar\u00eda de la Mujer y Flia. se procede a un allanamiento de urgencia en el domicilio denunciado obteniendo resultado positivo. La diligencia se realizo en calle Jos\u00e9 Hern\u00e1ndez al 2100, donde reside un masculino de 57 a\u00f1os de edad, donde se procede\u00a0 al secuestro de dos armas [&hellip;]<\/p>\n","protected":false},"author":4,"featured_media":47887,"comment_status":"open","ping_status":"closed","sticky":false,"template":"","format":"standard","meta":{"om_disable_all_campaigns":false,"_jetpack_memberships_contains_paid_content":false,"footnotes":""},"categories":[2,103],"tags":[],"class_list":["post-56037","post","type-post","status-publish","format-standard","has-post-thumbnail","hentry","category-locales","category-policiales-locales"],"aioseo_notices":[],"gutentor_comment":0,"jetpack_featured_media_url":"https:\/\/eldiariodesanpedro.com.ar\/sitio\/wp-content\/uploads\/2019\/02\/patrullero-policia_5.jpg","jetpack_shortlink":"https:\/\/wp.me\/p6RhLt-ezP","jetpack_sharing_enabled":true,"_links":{"self":[{"href":"https:\/\/eldiariodesanpedro.com.ar\/sitio\/wp-json\/wp\/v2\/posts\/56037","targetHints":{"allow":["GET"]}}],"collection":[{"href":"https:\/\/eldiariodesanpedro.com.ar\/sitio\/wp-json\/wp\/v2\/posts"}],"about":[{"href":"https:\/\/eldiariodesanpedro.com.ar\/sitio\/wp-json\/wp\/v2\/types\/post"}],"author":[{"embeddable":true,"href":"https:\/\/eldiariodesanpedro.com.ar\/sitio\/wp-json\/wp\/v2\/users\/4"}],"replies":[{"embeddable":true,"href":"https:\/\/eldiariodesanpedro.com.ar\/sitio\/wp-json\/wp\/v2\/comments?post=56037"}],"version-history":[{"count":1,"href":"https:\/\/eldiariodesanpedro.com.ar\/sitio\/wp-json\/wp\/v2\/posts\/56037\/revisions"}],"predecessor-version":[{"id":56038,"href":"https:\/\/eldiariodesanpedro.com.ar\/sitio\/wp-json\/wp\/v2\/posts\/56037\/revisions\/56038"}],"wp:featuredmedia":[{"embeddable":true,"href":"https:\/\/eldiariodesanpedro.com.ar\/sitio\/wp-json\/wp\/v2\/media\/47887"}],"wp:attachment":[{"href":"https:\/\/eldiariodesanpedro.com.ar\/sitio\/wp-json\/wp\/v2\/media?parent=56037"}],"wp:term":[{"taxonomy":"category","embeddable":true,"href":"https:\/\/eldiariodesanpedro.com.ar\/sitio\/wp-json\/wp\/v2\/categories?post=56037"},{"taxonomy":"post_tag","embeddable":true,"href":"https:\/\/eldiariodesanpedro.com.ar\/sitio\/wp-json\/wp\/v2\/tags?post=56037"}],"curies":[{"name":"wp","href":"https:\/\/api.w.org\/{rel}","templated":true}]}}