{"id":56035,"date":"2019-07-13T11:45:32","date_gmt":"2019-07-13T14:45:32","guid":{"rendered":"https:\/\/eldiariodesanpedro.com.ar\/sitio\/?p=56035"},"modified":"2019-07-13T11:45:37","modified_gmt":"2019-07-13T14:45:37","slug":"dos-menores-aprehendidos-por-asalto-a-mano-armada-en-la-via-publica-y-liberados-por-la-ufi-del-joven","status":"publish","type":"post","link":"https:\/\/eldiariodesanpedro.com.ar\/sitio\/dos-menores-aprehendidos-por-asalto-a-mano-armada-en-la-via-publica-y-liberados-por-la-ufi-del-joven\/","title":{"rendered":"Dos menores aprehendidos por asalto a mano armada en la v\u00eda p\u00fablica y liberados por la UFI del Joven"},"content":{"rendered":"<!-- VideographyWP Plugin Message: Automatic video embedding prevented by plugin options. -->\n\n<p>En el marco de los operativos dispuestos por la superioridad, y a raz\u00f3n del r\u00e1pido accionar del personal policial de comisar\u00eda, se procedi\u00f3 en calle San Mart\u00edn y Crucero General Belgrano a la aprehensi\u00f3n de dos j\u00f3venes de 16 y 17 a\u00f1os respectivamente, quienes momentos antes habr\u00edan robado mediante intimidaci\u00f3n con arma de fuego a un ciudadano de 46.<\/p>\n\n\n\n<p>El hecho sucedi\u00f3 por la noche de este viernes cuando la victima caminaba por dirigi\u00e9ndose a su domicilio es sorprendido por menores delincuentes con armas de fuego, quienes le sustrajeron pertenencias y se dieron a la fuga.<\/p>\n\n\n\n<p>Polic\u00eda alertada y r\u00e1pido accionar logran detenerlos a las pocas cuadras.<\/p>\n\n\n\n<p>Alojados los menores en la dependencia local y tras  comunicaci\u00f3n a fiscal de intervenci\u00f3n, dispone notificaci\u00f3n art 36 ley 13634 para ambos imputados, recaudos legales y posterior libertad 161 entrega a progenitores.. Intervenci\u00f3n UFI del Joven 2.<br><\/p>\n","protected":false},"excerpt":{"rendered":"<p>En el marco de los operativos dispuestos por la superioridad, y a raz\u00f3n del r\u00e1pido accionar del personal policial de comisar\u00eda, se procedi\u00f3 en calle San Mart\u00edn y Crucero General Belgrano a la aprehensi\u00f3n de dos j\u00f3venes de 16 y 17 a\u00f1os respectivamente, quienes momentos antes habr\u00edan robado mediante intimidaci\u00f3n con arma de fuego a [&hellip;]<\/p>\n","protected":false},"author":4,"featured_media":53199,"comment_status":"open","ping_status":"closed","sticky":false,"template":"","format":"standard","meta":{"om_disable_all_campaigns":false,"_jetpack_memberships_contains_paid_content":false,"footnotes":""},"categories":[2,103],"tags":[],"class_list":["post-56035","post","type-post","status-publish","format-standard","has-post-thumbnail","hentry","category-locales","category-policiales-locales"],"aioseo_notices":[],"gutentor_comment":0,"jetpack_featured_media_url":"https:\/\/eldiariodesanpedro.com.ar\/sitio\/wp-content\/uploads\/2019\/05\/aprehendido-1.jpg","jetpack_shortlink":"https:\/\/wp.me\/p6RhLt-ezN","jetpack_sharing_enabled":true,"_links":{"self":[{"href":"https:\/\/eldiariodesanpedro.com.ar\/sitio\/wp-json\/wp\/v2\/posts\/56035","targetHints":{"allow":["GET"]}}],"collection":[{"href":"https:\/\/eldiariodesanpedro.com.ar\/sitio\/wp-json\/wp\/v2\/posts"}],"about":[{"href":"https:\/\/eldiariodesanpedro.com.ar\/sitio\/wp-json\/wp\/v2\/types\/post"}],"author":[{"embeddable":true,"href":"https:\/\/eldiariodesanpedro.com.ar\/sitio\/wp-json\/wp\/v2\/users\/4"}],"replies":[{"embeddable":true,"href":"https:\/\/eldiariodesanpedro.com.ar\/sitio\/wp-json\/wp\/v2\/comments?post=56035"}],"version-history":[{"count":1,"href":"https:\/\/eldiariodesanpedro.com.ar\/sitio\/wp-json\/wp\/v2\/posts\/56035\/revisions"}],"predecessor-version":[{"id":56036,"href":"https:\/\/eldiariodesanpedro.com.ar\/sitio\/wp-json\/wp\/v2\/posts\/56035\/revisions\/56036"}],"wp:featuredmedia":[{"embeddable":true,"href":"https:\/\/eldiariodesanpedro.com.ar\/sitio\/wp-json\/wp\/v2\/media\/53199"}],"wp:attachment":[{"href":"https:\/\/eldiariodesanpedro.com.ar\/sitio\/wp-json\/wp\/v2\/media?parent=56035"}],"wp:term":[{"taxonomy":"category","embeddable":true,"href":"https:\/\/eldiariodesanpedro.com.ar\/sitio\/wp-json\/wp\/v2\/categories?post=56035"},{"taxonomy":"post_tag","embeddable":true,"href":"https:\/\/eldiariodesanpedro.com.ar\/sitio\/wp-json\/wp\/v2\/tags?post=56035"}],"curies":[{"name":"wp","href":"https:\/\/api.w.org\/{rel}","templated":true}]}}