{"id":56032,"date":"2019-07-13T11:25:40","date_gmt":"2019-07-13T14:25:40","guid":{"rendered":"https:\/\/eldiariodesanpedro.com.ar\/sitio\/?p=56032"},"modified":"2019-07-13T11:25:44","modified_gmt":"2019-07-13T14:25:44","slug":"otra-moto-robada-en-la-via-publica","status":"publish","type":"post","link":"https:\/\/eldiariodesanpedro.com.ar\/sitio\/otra-moto-robada-en-la-via-publica\/","title":{"rendered":"Otra moto robada en la v\u00eda p\u00fablica"},"content":{"rendered":"<!-- VideographyWP Plugin Message: Automatic video embedding prevented by plugin options. -->\n\n<p>Un ciudadano de 51 a\u00f1os de edad, radic\u00f3 su denuncia en la dependencia local contando que dej\u00f3 su moto estacionada en la vereda de calle Las Provincias al 500 y delincuentes ignorados la sustrajeron.<\/p>\n\n\n\n<p>Sucedi\u00f3 este viernes por la tarde, interviene la fiscalia N\u00ba5 con tareas investigativas.<br><\/p>\n","protected":false},"excerpt":{"rendered":"<p>Un ciudadano de 51 a\u00f1os de edad, radic\u00f3 su denuncia en la dependencia local contando que dej\u00f3 su moto estacionada en la vereda de calle Las Provincias al 500 y delincuentes ignorados la sustrajeron. Sucedi\u00f3 este viernes por la tarde, interviene la fiscalia N\u00ba5 con tareas investigativas.<\/p>\n","protected":false},"author":4,"featured_media":13371,"comment_status":"open","ping_status":"closed","sticky":false,"template":"","format":"standard","meta":{"om_disable_all_campaigns":false,"_jetpack_memberships_contains_paid_content":false,"footnotes":""},"categories":[2,103],"tags":[],"class_list":["post-56032","post","type-post","status-publish","format-standard","has-post-thumbnail","hentry","category-locales","category-policiales-locales"],"aioseo_notices":[],"gutentor_comment":0,"jetpack_featured_media_url":"https:\/\/eldiariodesanpedro.com.ar\/sitio\/wp-content\/uploads\/2017\/01\/Patrulla-3-e1485286104708.jpg","jetpack_shortlink":"https:\/\/wp.me\/p6RhLt-ezK","jetpack_sharing_enabled":true,"_links":{"self":[{"href":"https:\/\/eldiariodesanpedro.com.ar\/sitio\/wp-json\/wp\/v2\/posts\/56032","targetHints":{"allow":["GET"]}}],"collection":[{"href":"https:\/\/eldiariodesanpedro.com.ar\/sitio\/wp-json\/wp\/v2\/posts"}],"about":[{"href":"https:\/\/eldiariodesanpedro.com.ar\/sitio\/wp-json\/wp\/v2\/types\/post"}],"author":[{"embeddable":true,"href":"https:\/\/eldiariodesanpedro.com.ar\/sitio\/wp-json\/wp\/v2\/users\/4"}],"replies":[{"embeddable":true,"href":"https:\/\/eldiariodesanpedro.com.ar\/sitio\/wp-json\/wp\/v2\/comments?post=56032"}],"version-history":[{"count":1,"href":"https:\/\/eldiariodesanpedro.com.ar\/sitio\/wp-json\/wp\/v2\/posts\/56032\/revisions"}],"predecessor-version":[{"id":56033,"href":"https:\/\/eldiariodesanpedro.com.ar\/sitio\/wp-json\/wp\/v2\/posts\/56032\/revisions\/56033"}],"wp:featuredmedia":[{"embeddable":true,"href":"https:\/\/eldiariodesanpedro.com.ar\/sitio\/wp-json\/wp\/v2\/media\/13371"}],"wp:attachment":[{"href":"https:\/\/eldiariodesanpedro.com.ar\/sitio\/wp-json\/wp\/v2\/media?parent=56032"}],"wp:term":[{"taxonomy":"category","embeddable":true,"href":"https:\/\/eldiariodesanpedro.com.ar\/sitio\/wp-json\/wp\/v2\/categories?post=56032"},{"taxonomy":"post_tag","embeddable":true,"href":"https:\/\/eldiariodesanpedro.com.ar\/sitio\/wp-json\/wp\/v2\/tags?post=56032"}],"curies":[{"name":"wp","href":"https:\/\/api.w.org\/{rel}","templated":true}]}}