{"id":56030,"date":"2019-07-13T11:18:27","date_gmt":"2019-07-13T14:18:27","guid":{"rendered":"https:\/\/eldiariodesanpedro.com.ar\/sitio\/?p=56030"},"modified":"2019-07-13T11:18:31","modified_gmt":"2019-07-13T14:18:31","slug":"robaron-varios-electrodomesticos-de-una-vivienda-y-una-bicicleta","status":"publish","type":"post","link":"https:\/\/eldiariodesanpedro.com.ar\/sitio\/robaron-varios-electrodomesticos-de-una-vivienda-y-una-bicicleta\/","title":{"rendered":"Robaron varios electrodom\u00e9sticos de una vivienda y una bicicleta"},"content":{"rendered":"<!-- VideographyWP Plugin Message: Automatic video embedding prevented by plugin options. -->\n\n<p>El hecho sucedi\u00f3 esta madrugada cuando delincuentes ignorados ingresaron a una vivienda ubicada en Javier Rivero al 500.<\/p>\n\n\n\n<p>Los autores sustrajeron de un galp\u00f3n que se encontraba en la parte de atr\u00e1s de la misma, de all\u00ed lograron sustraer un lavarropa semiautom\u00e1tico marca Dream blanco, un secarropa blanco y una bicicleta BMX rodado 17 cromada. <\/p>\n\n\n\n<p>Su propietaria de 26 a\u00f1os de edad radico su denuncia en la sede policial, interviene la fiscalia N\u00ba5.<\/p>\n","protected":false},"excerpt":{"rendered":"<p>El hecho sucedi\u00f3 esta madrugada cuando delincuentes ignorados ingresaron a una vivienda ubicada en Javier Rivero al 500. Los autores sustrajeron de un galp\u00f3n que se encontraba en la parte de atr\u00e1s de la misma, de all\u00ed lograron sustraer un lavarropa semiautom\u00e1tico marca Dream blanco, un secarropa blanco y una bicicleta BMX rodado 17 cromada. [&hellip;]<\/p>\n","protected":false},"author":4,"featured_media":26677,"comment_status":"open","ping_status":"closed","sticky":false,"template":"","format":"standard","meta":{"om_disable_all_campaigns":false,"_jetpack_memberships_contains_paid_content":false,"footnotes":""},"categories":[2,103],"tags":[],"class_list":["post-56030","post","type-post","status-publish","format-standard","has-post-thumbnail","hentry","category-locales","category-policiales-locales"],"aioseo_notices":[],"gutentor_comment":0,"jetpack_featured_media_url":"https:\/\/eldiariodesanpedro.com.ar\/sitio\/wp-content\/uploads\/2017\/12\/patrullas-policia-noche.jpg","jetpack_shortlink":"https:\/\/wp.me\/p6RhLt-ezI","jetpack_sharing_enabled":true,"_links":{"self":[{"href":"https:\/\/eldiariodesanpedro.com.ar\/sitio\/wp-json\/wp\/v2\/posts\/56030","targetHints":{"allow":["GET"]}}],"collection":[{"href":"https:\/\/eldiariodesanpedro.com.ar\/sitio\/wp-json\/wp\/v2\/posts"}],"about":[{"href":"https:\/\/eldiariodesanpedro.com.ar\/sitio\/wp-json\/wp\/v2\/types\/post"}],"author":[{"embeddable":true,"href":"https:\/\/eldiariodesanpedro.com.ar\/sitio\/wp-json\/wp\/v2\/users\/4"}],"replies":[{"embeddable":true,"href":"https:\/\/eldiariodesanpedro.com.ar\/sitio\/wp-json\/wp\/v2\/comments?post=56030"}],"version-history":[{"count":1,"href":"https:\/\/eldiariodesanpedro.com.ar\/sitio\/wp-json\/wp\/v2\/posts\/56030\/revisions"}],"predecessor-version":[{"id":56031,"href":"https:\/\/eldiariodesanpedro.com.ar\/sitio\/wp-json\/wp\/v2\/posts\/56030\/revisions\/56031"}],"wp:featuredmedia":[{"embeddable":true,"href":"https:\/\/eldiariodesanpedro.com.ar\/sitio\/wp-json\/wp\/v2\/media\/26677"}],"wp:attachment":[{"href":"https:\/\/eldiariodesanpedro.com.ar\/sitio\/wp-json\/wp\/v2\/media?parent=56030"}],"wp:term":[{"taxonomy":"category","embeddable":true,"href":"https:\/\/eldiariodesanpedro.com.ar\/sitio\/wp-json\/wp\/v2\/categories?post=56030"},{"taxonomy":"post_tag","embeddable":true,"href":"https:\/\/eldiariodesanpedro.com.ar\/sitio\/wp-json\/wp\/v2\/tags?post=56030"}],"curies":[{"name":"wp","href":"https:\/\/api.w.org\/{rel}","templated":true}]}}