{"id":56026,"date":"2019-07-13T11:09:15","date_gmt":"2019-07-13T14:09:15","guid":{"rendered":"https:\/\/eldiariodesanpedro.com.ar\/sitio\/?p=56026"},"modified":"2019-07-13T11:09:20","modified_gmt":"2019-07-13T14:09:20","slug":"presentaron-la-lista-juntos-por-el-cambio-el-intendente-va-por-su-reeleccion","status":"publish","type":"post","link":"https:\/\/eldiariodesanpedro.com.ar\/sitio\/presentaron-la-lista-juntos-por-el-cambio-el-intendente-va-por-su-reeleccion\/","title":{"rendered":"Presentaron la lista \u00abJuntos por el cambio\u00bb, el intendente va por su reelecci\u00f3n"},"content":{"rendered":"<!-- VideographyWP Plugin Message: Automatic video embedding prevented by plugin options. -->\n\n<p>Encabezando la lista el intendente Cecilio Salazar busca su reelecci\u00f3n, \u00fanico precandidato a intendente por el oficialismo junto a su hijo, el actual Secretario de Coordinaci\u00f3n, Ramon Salazar, quien encabeza la lista de concejales. El acto tuvo una participaci\u00f3n importante de gente,  en primera fila se encontraban acompa\u00f1ando militantes radicales y del partido Fe.<\/p>\n\n\n\n<p>El Jefe Comunal  lanz\u00f3 oficialmente la campa\u00f1a de \u00abJuntos por el Cambio\u00bb para renovar su mandato al frente de la Municipalidad de San Pedro.\u00a0<\/p>\n\n\n\n<p>El acto se realiz\u00f3 en el Centro Cosmopolita, Salazar estuvo acompa\u00f1ado por todos los integrantes de la lista de concejales que encabeza su hijo,  y de consejeros escolares, que lidera Fernando Cajide.\u00a0<\/p>\n\n\n\n<p> Ram\u00f3n Salazar fue el primero de los oradores, quien comenz\u00f3 el discurso y se mostr\u00f3 orgulloso, feliz y muy emocionado junto a su padre, \u00abme siento acompa\u00f1ado en este momento tan importante para nosotros, es un gran orgullo para mi acompa\u00f1ar a mi papa, agradezco a los militantes de nuestro partido trabajar tanto, y a todo nuestro equipo de funcionarios y consejeros escolares, un quiero resaltar un cari\u00f1o especial para el Secretario General de UATRE, Ram\u00f3n Ayala quien nunca dejo de acompa\u00f1arnos y ser tan generosos para con nosotros\u00bb<\/p>\n\n\n\n<p>\u00abArrancamos con el sue\u00f1o de seguir construyendo el San Pedro que todos queremos, no ha sido f\u00e1cil llegar, eramos el peor municipio de la provincia de Buenos Aires, con mi viejo venimos de muy abajo, recuerdo la pobreza y mi viejo que me dec\u00eda vos ten\u00e9s que estudiar y salir adelante,\u00a0 y le agradezco que me haya ayudado a esforzarme tanto, estoy orgulloso, hoy soy abogado pero soy el hijo de un orgulloso trabajador rural, pasamos cosas muy fuertes que imaginense jam\u00e1s nos imaginamos estar ac\u00e1 hoy, pero yo les aconsejo a los chicos que sigan ese ejemplo, hay que estudiar y trabajar para ser alguien en la vida\u00bb<\/p>\n\n\n\n<p>\u00abEstoy orgulloso de nuestro Hospital y de las obras que estamos terminando en todas las escuelas y jardines, que tambi\u00e9n logr\u00f3 el intendente que se pueda terminar aquel jard\u00edn que se inici\u00f3 en el 2016 por una obra del Gobierno Nacional con una empresa irresponsable,  28 millones de pesos nos dar\u00e1 el gobierno para terminar, la obra se va a terminar y eso se logr\u00f3 con la confianza que nos tienen\u00bb<\/p>\n\n\n\n<p>\u00abEn definitiva a pesar de la crisis, en junio terminamos de pagar el aguinaldo a los trabajadores y el 1 de julio el sueldo, como corresponde. Nosotros queremos as\u00ed, el municipio ordenado y que los empleados cumplan sus funciones y le brinden a la gente su trabajo como corresponde\u00bb<\/p>\n\n\n\n<p>\u00abTenemos mucho para hacer, estamos hablando con COOPSER para instalar ese transformador que tanto necesitamos en San Pedro para generar mas energia y poder traer m\u00e1s empresas y generar m\u00e1s trabajo, los invito a seguir trabajando juntos\u00bb, culmin\u00f3.<\/p>\n\n\n\n<p> Adem\u00e1s, hicieron uso de la palabra M\u00f3nica Otero (actual presidenta del HCD y segunda en la lista), Alejandro Donatti (representante de la UCR), Patricia Rocca, Gerardo Pelletier y Cajide. <\/p>\n\n\n\n<p>El cierre estuvo a cargo del Intendente, que se refiri\u00f3 a \u00abquienes traicionaron su confianza\u00bb, \u00abme inicie en el a\u00f1o 70 como trabajador rural, mi viejo era peronista, en la \u00e9poca de los militares trabajaba en el ferrocarril hasta que lo echaron y luego fue trabajador rural, mi viejo no sab\u00eda ni leer, ni escribir, pero me llevo a trabajar al campo desde chico, hab\u00eda que parar la olla, a los 18 a\u00f1os integre la comisi\u00f3n directiva del Centro Cosmopolita  de FASTRE  como tesorero en ese momento, y luego en el segundo mandato,  hasta el dia de hoy integro como Secretario General de UATRE, estando de licencia obviamente, cada uno tiene su historia, yo nac\u00ed en un lugar muy humilde, pero a qu\u00e9 voy con todo esto, QUE ME ENSE\u00d1ARON ALGO MUY VALIOSO, QUE ES SER HONESTO, RESPONSABLE Y SOLIDARIO, mi vieja me dec\u00eda donde comen dos comen tres, porque? porque es un poco de agua y una presa m\u00e1s!, eso me ense\u00f1aron, a respetar a nuestros abuelos, a nuestros ni\u00f1os y a nuestros maestros, tu maestra es tu segunda madre me dec\u00eda, ojo con faltarle el respeto\u00bb<\/p>\n\n\n\n<p>\u00abMe puedo equivocar como me he equivocado siempre, porque tengo la capacidad de abrazar a todos, chicos, grandes y abuelos, no puedo vivir desconfiando de todo el mundo y me han fallado, pero siempre lo digo, la gente que me fallo es problema de ellos, no m\u00edo, tengo la conciencia tranquila\u00bb<\/p>\n\n\n\n<p>Tambien  critic\u00f3 a la oposici\u00f3n y confirm\u00f3 que \u00e9ste ser\u00e1 \u00absu \u00faltimo mandato como Intendente\u00bb. <\/p>\n\n\n\n<figure class=\"wp-block-image\"><img decoding=\"async\" width=\"1280\" height=\"554\" data-attachment-id=\"56028\" data-permalink=\"https:\/\/eldiariodesanpedro.com.ar\/sitio\/presentaron-la-lista-juntos-por-el-cambio-el-intendente-va-por-su-reeleccion\/panoramica\/\" data-orig-file=\"https:\/\/eldiariodesanpedro.com.ar\/sitio\/wp-content\/uploads\/2019\/07\/Panor\u00e1mica.jpg\" data-orig-size=\"1280,554\" data-comments-opened=\"1\" data-image-meta=\"{&quot;aperture&quot;:&quot;0&quot;,&quot;credit&quot;:&quot;&quot;,&quot;camera&quot;:&quot;&quot;,&quot;caption&quot;:&quot;&quot;,&quot;created_timestamp&quot;:&quot;0&quot;,&quot;copyright&quot;:&quot;&quot;,&quot;focal_length&quot;:&quot;0&quot;,&quot;iso&quot;:&quot;0&quot;,&quot;shutter_speed&quot;:&quot;0&quot;,&quot;title&quot;:&quot;&quot;,&quot;orientation&quot;:&quot;0&quot;}\" data-image-title=\"Panor\u00e1mica\" data-image-description=\"\" data-image-caption=\"\" data-large-file=\"https:\/\/eldiariodesanpedro.com.ar\/sitio\/wp-content\/uploads\/2019\/07\/Panor\u00e1mica-1024x443.jpg\" data-src=\"https:\/\/i1.wp.com\/eldiariodesanpedro.com.ar\/sitio\/wp-content\/uploads\/2019\/07\/Panor\u00e1mica.jpg?fit=660%2C286\" alt=\"\" class=\"wp-image-56028 lazyload\" data-srcset=\"https:\/\/eldiariodesanpedro.com.ar\/sitio\/wp-content\/uploads\/2019\/07\/Panor\u00e1mica.jpg 1280w, https:\/\/eldiariodesanpedro.com.ar\/sitio\/wp-content\/uploads\/2019\/07\/Panor\u00e1mica-300x130.jpg 300w, https:\/\/eldiariodesanpedro.com.ar\/sitio\/wp-content\/uploads\/2019\/07\/Panor\u00e1mica-768x332.jpg 768w, https:\/\/eldiariodesanpedro.com.ar\/sitio\/wp-content\/uploads\/2019\/07\/Panor\u00e1mica-1024x443.jpg 1024w\" data-sizes=\"(max-width: 1280px) 100vw, 1280px\" src=\"data:image\/svg+xml;base64,PHN2ZyB3aWR0aD0iMSIgaGVpZ2h0PSIxIiB4bWxucz0iaHR0cDovL3d3dy53My5vcmcvMjAwMC9zdmciPjwvc3ZnPg==\" style=\"--smush-placeholder-width: 1280px; --smush-placeholder-aspect-ratio: 1280\/554;\" \/><\/figure>\n\n\n\n<p>Imagen: Noticias San Pedro<\/p>\n","protected":false},"excerpt":{"rendered":"<p>Encabezando la lista el intendente Cecilio Salazar busca su reelecci\u00f3n, \u00fanico precandidato a intendente por el oficialismo junto a su hijo, el actual Secretario de Coordinaci\u00f3n, Ramon Salazar, quien encabeza la lista de concejales. El acto tuvo una participaci\u00f3n importante de gente, en primera fila se encontraban acompa\u00f1ando militantes radicales y del partido Fe. El [&hellip;]<\/p>\n","protected":false},"author":4,"featured_media":56027,"comment_status":"open","ping_status":"closed","sticky":false,"template":"","format":"standard","meta":{"om_disable_all_campaigns":false,"_jetpack_memberships_contains_paid_content":false,"footnotes":""},"categories":[50,2,102],"tags":[],"class_list":["post-56026","post","type-post","status-publish","format-standard","has-post-thumbnail","hentry","category-destacadas","category-locales","category-politica-locales"],"aioseo_notices":[],"gutentor_comment":0,"jetpack_featured_media_url":"https:\/\/eldiariodesanpedro.com.ar\/sitio\/wp-content\/uploads\/2019\/07\/66435740_2151684971788431_5365376345637388288_n.jpg","jetpack_shortlink":"https:\/\/wp.me\/p6RhLt-ezE","jetpack_sharing_enabled":true,"_links":{"self":[{"href":"https:\/\/eldiariodesanpedro.com.ar\/sitio\/wp-json\/wp\/v2\/posts\/56026","targetHints":{"allow":["GET"]}}],"collection":[{"href":"https:\/\/eldiariodesanpedro.com.ar\/sitio\/wp-json\/wp\/v2\/posts"}],"about":[{"href":"https:\/\/eldiariodesanpedro.com.ar\/sitio\/wp-json\/wp\/v2\/types\/post"}],"author":[{"embeddable":true,"href":"https:\/\/eldiariodesanpedro.com.ar\/sitio\/wp-json\/wp\/v2\/users\/4"}],"replies":[{"embeddable":true,"href":"https:\/\/eldiariodesanpedro.com.ar\/sitio\/wp-json\/wp\/v2\/comments?post=56026"}],"version-history":[{"count":1,"href":"https:\/\/eldiariodesanpedro.com.ar\/sitio\/wp-json\/wp\/v2\/posts\/56026\/revisions"}],"predecessor-version":[{"id":56029,"href":"https:\/\/eldiariodesanpedro.com.ar\/sitio\/wp-json\/wp\/v2\/posts\/56026\/revisions\/56029"}],"wp:featuredmedia":[{"embeddable":true,"href":"https:\/\/eldiariodesanpedro.com.ar\/sitio\/wp-json\/wp\/v2\/media\/56027"}],"wp:attachment":[{"href":"https:\/\/eldiariodesanpedro.com.ar\/sitio\/wp-json\/wp\/v2\/media?parent=56026"}],"wp:term":[{"taxonomy":"category","embeddable":true,"href":"https:\/\/eldiariodesanpedro.com.ar\/sitio\/wp-json\/wp\/v2\/categories?post=56026"},{"taxonomy":"post_tag","embeddable":true,"href":"https:\/\/eldiariodesanpedro.com.ar\/sitio\/wp-json\/wp\/v2\/tags?post=56026"}],"curies":[{"name":"wp","href":"https:\/\/api.w.org\/{rel}","templated":true}]}}