{"id":5601,"date":"2016-06-20T19:04:41","date_gmt":"2016-06-20T22:04:41","guid":{"rendered":"https:\/\/eldiariodesanpedro.com.ar\/sitio\/?p=5601"},"modified":"2016-06-20T19:04:41","modified_gmt":"2016-06-20T22:04:41","slug":"el-secretario-general-de-gobierno-bonaerense-visito-san-pedro","status":"publish","type":"post","link":"https:\/\/eldiariodesanpedro.com.ar\/sitio\/el-secretario-general-de-gobierno-bonaerense-visito-san-pedro\/","title":{"rendered":"El secretario general de Gobierno bonaerense visit\u00f3 San Pedro"},"content":{"rendered":"<p><!-- VideographyWP Plugin Message: Automatic video embedding prevented by plugin options. --><br \/>\nFabi\u00e1n Perechodnik lleg\u00f3 al Centro Integrador Comunitario (CIC), ubicado en Casella y H. Indio, ayer cerca de las 16.30. Realiz\u00f3 una recorrida por el lugar y su zona de influencia. All\u00ed los funcionarios locales, junto con la comitiva provincial, compartieron un momento con los chicos del barrio, que se hallaban realizando diferentes actividades recreativas.<br \/>\nEn ese sentido, Perechodnik se\u00f1al\u00f3: \u201cLo que estamos haciendo es una recorrida por todos los municipios de la Provincia para tomar contacto directo con los intendentes. No importa el color pol\u00edtico que tengan. En este caso, el intendente es de San Pedro, pero tambi\u00e9n hemos visitado las semanas anteriores otros municipios, de hecho estuvimos este mediod\u00eda con la gobernadora en Escobar con un intendente del Frente para la Victoria\u201d.<br \/>\nEn tanto, asegur\u00f3 que, adem\u00e1s del dinero de los fondos de Infraestructura y Seguridad, \u201cya hay un listado de obras provinciales\u201d. \u201cDe lo que yo pude ver, la obra de gas para R\u00edo Tala, de casi 20 millones, va a ser una obra con fondos provinciales\u201d, indic\u00f3 luego.<br \/>\nPor su parte, el intendente Salazar dijo que se habl\u00f3 de las necesidades de la ciudad. \u201cYa se comprometi\u00f3 (Perechodnik) con la pintura del CIC. Ustedes saben que esto estaba destruido, estaba cerrado. Nosotros lo hemos recuperado, se est\u00e1 acercando nuevamente la familia de los barrios\u201d. Y se\u00f1al\u00f3 adem\u00e1s: \u201cEsta es una zona inundable, esta fue la zona m\u00e1s complicada que tuvimos con la inundaci\u00f3n de hace un par de meses atr\u00e1s\u201d. Y sobre ello consider\u00f3: \u201cFalta esta obra de ac\u00e1, que no nos alcanza la plata, pero tambi\u00e9n estamos preparando un plan, ya ha venido la gente de Hidr\u00e1ulica de la Provincia para preparar un trabajo, para ver si nos pueden ayudar con ese dinero que nos falta\u201d. <\/p>\n","protected":false},"excerpt":{"rendered":"<p>Fabi\u00e1n Perechodnik lleg\u00f3 al Centro Integrador Comunitario (CIC), ubicado en Casella y H. Indio, ayer cerca de las 16.30. Realiz\u00f3 una recorrida por el lugar y su zona de influencia. All\u00ed los funcionarios locales, junto con la comitiva provincial, compartieron un momento con los chicos del barrio, que se hallaban realizando diferentes actividades recreativas. En [&hellip;]<\/p>\n","protected":false},"author":4,"featured_media":5602,"comment_status":"open","ping_status":"closed","sticky":false,"template":"","format":"standard","meta":{"om_disable_all_campaigns":false,"_jetpack_memberships_contains_paid_content":false,"footnotes":""},"categories":[2,102],"tags":[],"class_list":["post-5601","post","type-post","status-publish","format-standard","has-post-thumbnail","hentry","category-locales","category-politica-locales"],"aioseo_notices":[],"gutentor_comment":0,"jetpack_featured_media_url":"https:\/\/eldiariodesanpedro.com.ar\/sitio\/wp-content\/uploads\/2016\/06\/PAGINA-3-02-3.jpg","jetpack_shortlink":"https:\/\/wp.me\/p6RhLt-1sl","jetpack_sharing_enabled":true,"_links":{"self":[{"href":"https:\/\/eldiariodesanpedro.com.ar\/sitio\/wp-json\/wp\/v2\/posts\/5601","targetHints":{"allow":["GET"]}}],"collection":[{"href":"https:\/\/eldiariodesanpedro.com.ar\/sitio\/wp-json\/wp\/v2\/posts"}],"about":[{"href":"https:\/\/eldiariodesanpedro.com.ar\/sitio\/wp-json\/wp\/v2\/types\/post"}],"author":[{"embeddable":true,"href":"https:\/\/eldiariodesanpedro.com.ar\/sitio\/wp-json\/wp\/v2\/users\/4"}],"replies":[{"embeddable":true,"href":"https:\/\/eldiariodesanpedro.com.ar\/sitio\/wp-json\/wp\/v2\/comments?post=5601"}],"version-history":[{"count":1,"href":"https:\/\/eldiariodesanpedro.com.ar\/sitio\/wp-json\/wp\/v2\/posts\/5601\/revisions"}],"predecessor-version":[{"id":5603,"href":"https:\/\/eldiariodesanpedro.com.ar\/sitio\/wp-json\/wp\/v2\/posts\/5601\/revisions\/5603"}],"wp:featuredmedia":[{"embeddable":true,"href":"https:\/\/eldiariodesanpedro.com.ar\/sitio\/wp-json\/wp\/v2\/media\/5602"}],"wp:attachment":[{"href":"https:\/\/eldiariodesanpedro.com.ar\/sitio\/wp-json\/wp\/v2\/media?parent=5601"}],"wp:term":[{"taxonomy":"category","embeddable":true,"href":"https:\/\/eldiariodesanpedro.com.ar\/sitio\/wp-json\/wp\/v2\/categories?post=5601"},{"taxonomy":"post_tag","embeddable":true,"href":"https:\/\/eldiariodesanpedro.com.ar\/sitio\/wp-json\/wp\/v2\/tags?post=5601"}],"curies":[{"name":"wp","href":"https:\/\/api.w.org\/{rel}","templated":true}]}}