{"id":56009,"date":"2019-07-12T12:13:44","date_gmt":"2019-07-12T15:13:44","guid":{"rendered":"https:\/\/eldiariodesanpedro.com.ar\/sitio\/?p=56009"},"modified":"2019-07-12T12:13:53","modified_gmt":"2019-07-12T15:13:53","slug":"la-voz-del-corazon-muestra-de-fotos-y-textos-del-dr-favaloro-2","status":"publish","type":"post","link":"https:\/\/eldiariodesanpedro.com.ar\/sitio\/la-voz-del-corazon-muestra-de-fotos-y-textos-del-dr-favaloro-2\/","title":{"rendered":"\u00abLa Voz del Coraz\u00f3n\u00bb Muestra de fotos y textos del Dr. Favaloro"},"content":{"rendered":"<!-- VideographyWP Plugin Message: Automatic video embedding prevented by plugin options. -->\n\n<p>El Centro de Comercio e Industria se suma junto a la Municipalidad de San Pedro a esta propuesta organizada por el Honorable Senado de la Provincia de Buenos Aires dentro del ciclo Muestras Itinerantes. <\/p>\n\n\n\n<p>Desde el 12 y hasta el 19 de Julio estar\u00e1 en el Sal\u00f3n de los Espejos, la exposici\u00f3n de fotos y textos del doctor Ren\u00e9 Favaloro, \u00abLa Voz del Coraz\u00f3n\u00bb. El recorrido por diferentes salones de la provincia comenz\u00f3 hace dos a\u00f1os en coincidencia con los 50 a\u00f1os del primer bypass coronario.<\/p>\n\n\n\n<p>Cuenta con el apoyo de la Fundaci\u00f3n Favaloro con la finalidad de \u00abrescatar los valores y en homenaje al destacado m\u00e9dico argentino\u00bb.<\/p>\n\n\n\n<p>Tras su apertura, la exposici\u00f3n se podr\u00e1 recorrer durante los d\u00edas indicados, de lunes a viernes de 8 a 16, s\u00e1bado y domingo de 17 a 21.<\/p>\n\n\n\n<p>Perfil<br>\nEl Dr. Ren\u00e9 Favaloro comenz\u00f3 a hacer historia en la medicina del coraz\u00f3n, desarrollando la t\u00e9cnica quir\u00fargica del bypass o cirug\u00eda de revascularizaci\u00f3n mioc\u00e1rdica. T\u00e9cnica que constituy\u00f3 una bisagra a nivel mundial en la cirug\u00eda card\u00edaca, beneficiando a millones de pacientes con enfermedad coronaria.<\/p>\n\n\n\n<p>Es considerado una leyenda en nuestro pa\u00eds. La esencia de su esp\u00edritu iba m\u00e1s all\u00e1 de su vocaci\u00f3n y era mucho m\u00e1s profunda; calaba en los valores que le fueron inculcando en su casa y en las instituciones donde estudi\u00f3. M\u00e1s all\u00e1 de los conocimientos que adquiri\u00f3, incorpor\u00f3 ideales como libertad, justicia, \u00e9tica, respeto, b\u00fasqueda de la verdad y participaci\u00f3n social, que hab\u00eda que alcanzar con pasi\u00f3n, esfuerzo y sacrificio, forjando en \u00e9l una conciencia social que estar\u00eda presente en todos los emprendimientos de su vida.<\/p>\n","protected":false},"excerpt":{"rendered":"<p>El Centro de Comercio e Industria se suma junto a la Municipalidad de San Pedro a esta propuesta organizada por el Honorable Senado de la Provincia de Buenos Aires dentro del ciclo Muestras Itinerantes. Desde el 12 y hasta el 19 de Julio estar\u00e1 en el Sal\u00f3n de los Espejos, la exposici\u00f3n de fotos y [&hellip;]<\/p>\n","protected":false},"author":4,"featured_media":56010,"comment_status":"open","ping_status":"closed","sticky":false,"template":"","format":"standard","meta":{"om_disable_all_campaigns":false,"_jetpack_memberships_contains_paid_content":false,"footnotes":""},"categories":[101,2],"tags":[],"class_list":["post-56009","post","type-post","status-publish","format-standard","has-post-thumbnail","hentry","category-interes-general-locales","category-locales"],"aioseo_notices":[],"gutentor_comment":0,"jetpack_featured_media_url":"https:\/\/eldiariodesanpedro.com.ar\/sitio\/wp-content\/uploads\/2019\/07\/favaloro-1.jpg","jetpack_shortlink":"https:\/\/wp.me\/p6RhLt-ezn","jetpack_sharing_enabled":true,"_links":{"self":[{"href":"https:\/\/eldiariodesanpedro.com.ar\/sitio\/wp-json\/wp\/v2\/posts\/56009","targetHints":{"allow":["GET"]}}],"collection":[{"href":"https:\/\/eldiariodesanpedro.com.ar\/sitio\/wp-json\/wp\/v2\/posts"}],"about":[{"href":"https:\/\/eldiariodesanpedro.com.ar\/sitio\/wp-json\/wp\/v2\/types\/post"}],"author":[{"embeddable":true,"href":"https:\/\/eldiariodesanpedro.com.ar\/sitio\/wp-json\/wp\/v2\/users\/4"}],"replies":[{"embeddable":true,"href":"https:\/\/eldiariodesanpedro.com.ar\/sitio\/wp-json\/wp\/v2\/comments?post=56009"}],"version-history":[{"count":1,"href":"https:\/\/eldiariodesanpedro.com.ar\/sitio\/wp-json\/wp\/v2\/posts\/56009\/revisions"}],"predecessor-version":[{"id":56011,"href":"https:\/\/eldiariodesanpedro.com.ar\/sitio\/wp-json\/wp\/v2\/posts\/56009\/revisions\/56011"}],"wp:featuredmedia":[{"embeddable":true,"href":"https:\/\/eldiariodesanpedro.com.ar\/sitio\/wp-json\/wp\/v2\/media\/56010"}],"wp:attachment":[{"href":"https:\/\/eldiariodesanpedro.com.ar\/sitio\/wp-json\/wp\/v2\/media?parent=56009"}],"wp:term":[{"taxonomy":"category","embeddable":true,"href":"https:\/\/eldiariodesanpedro.com.ar\/sitio\/wp-json\/wp\/v2\/categories?post=56009"},{"taxonomy":"post_tag","embeddable":true,"href":"https:\/\/eldiariodesanpedro.com.ar\/sitio\/wp-json\/wp\/v2\/tags?post=56009"}],"curies":[{"name":"wp","href":"https:\/\/api.w.org\/{rel}","templated":true}]}}