{"id":56006,"date":"2019-07-12T12:06:58","date_gmt":"2019-07-12T15:06:58","guid":{"rendered":"https:\/\/eldiariodesanpedro.com.ar\/sitio\/?p=56006"},"modified":"2019-07-12T12:07:02","modified_gmt":"2019-07-12T15:07:02","slug":"zarate-buscan-adolescente-desaparecida","status":"publish","type":"post","link":"https:\/\/eldiariodesanpedro.com.ar\/sitio\/zarate-buscan-adolescente-desaparecida\/","title":{"rendered":"ZARATE: Buscan adolescente desaparecida"},"content":{"rendered":"<!-- VideographyWP Plugin Message: Automatic video embedding prevented by plugin options. -->\n\n<p>Brisa Bel\u00e9n Chiricola tiene 16 a\u00f1os, mide 1,55 es de contextura delgada y actualmente est\u00e1 siendo intensamente buscada por su familia y amigos. Cualquier dato, es de suma importancia.<\/p>\n\n\n\n<p>Fue vista por \u00faltima vez el 11 de julio, vest\u00eda remera negra y pantal\u00f3n negro junto con zapatillas de color.<\/p>\n\n\n\n<p>Cualquier informaci\u00f3n comunicarse al 911, a Comisar\u00eda 1ra al 03487 422222 o a DPU 03487 442288.<\/p>\n\n\n\n<p><strong>Fuente:&nbsp;<\/strong>Noticias Z\u00e1rate Alerta&nbsp;<\/p>\n","protected":false},"excerpt":{"rendered":"<p>Brisa Bel\u00e9n Chiricola tiene 16 a\u00f1os, mide 1,55 es de contextura delgada y actualmente est\u00e1 siendo intensamente buscada por su familia y amigos. Cualquier dato, es de suma importancia. Fue vista por \u00faltima vez el 11 de julio, vest\u00eda remera negra y pantal\u00f3n negro junto con zapatillas de color. Cualquier informaci\u00f3n comunicarse al 911, a [&hellip;]<\/p>\n","protected":false},"author":4,"featured_media":56007,"comment_status":"open","ping_status":"closed","sticky":false,"template":"","format":"standard","meta":{"om_disable_all_campaigns":false,"_jetpack_memberships_contains_paid_content":false,"footnotes":""},"categories":[621],"tags":[],"class_list":["post-56006","post","type-post","status-publish","format-standard","has-post-thumbnail","hentry","category-regionales"],"aioseo_notices":[],"gutentor_comment":0,"jetpack_featured_media_url":"https:\/\/eldiariodesanpedro.com.ar\/sitio\/wp-content\/uploads\/2019\/07\/WhatsApp-Image-2019-07-12-at-10.59.22.jpeg","jetpack_shortlink":"https:\/\/wp.me\/p6RhLt-ezk","jetpack_sharing_enabled":true,"_links":{"self":[{"href":"https:\/\/eldiariodesanpedro.com.ar\/sitio\/wp-json\/wp\/v2\/posts\/56006","targetHints":{"allow":["GET"]}}],"collection":[{"href":"https:\/\/eldiariodesanpedro.com.ar\/sitio\/wp-json\/wp\/v2\/posts"}],"about":[{"href":"https:\/\/eldiariodesanpedro.com.ar\/sitio\/wp-json\/wp\/v2\/types\/post"}],"author":[{"embeddable":true,"href":"https:\/\/eldiariodesanpedro.com.ar\/sitio\/wp-json\/wp\/v2\/users\/4"}],"replies":[{"embeddable":true,"href":"https:\/\/eldiariodesanpedro.com.ar\/sitio\/wp-json\/wp\/v2\/comments?post=56006"}],"version-history":[{"count":1,"href":"https:\/\/eldiariodesanpedro.com.ar\/sitio\/wp-json\/wp\/v2\/posts\/56006\/revisions"}],"predecessor-version":[{"id":56008,"href":"https:\/\/eldiariodesanpedro.com.ar\/sitio\/wp-json\/wp\/v2\/posts\/56006\/revisions\/56008"}],"wp:featuredmedia":[{"embeddable":true,"href":"https:\/\/eldiariodesanpedro.com.ar\/sitio\/wp-json\/wp\/v2\/media\/56007"}],"wp:attachment":[{"href":"https:\/\/eldiariodesanpedro.com.ar\/sitio\/wp-json\/wp\/v2\/media?parent=56006"}],"wp:term":[{"taxonomy":"category","embeddable":true,"href":"https:\/\/eldiariodesanpedro.com.ar\/sitio\/wp-json\/wp\/v2\/categories?post=56006"},{"taxonomy":"post_tag","embeddable":true,"href":"https:\/\/eldiariodesanpedro.com.ar\/sitio\/wp-json\/wp\/v2\/tags?post=56006"}],"curies":[{"name":"wp","href":"https:\/\/api.w.org\/{rel}","templated":true}]}}