{"id":56000,"date":"2019-07-12T11:32:10","date_gmt":"2019-07-12T14:32:10","guid":{"rendered":"https:\/\/eldiariodesanpedro.com.ar\/sitio\/?p=56000"},"modified":"2019-07-12T11:32:15","modified_gmt":"2019-07-12T14:32:15","slug":"cuarta-feria-el-13-de-julio","status":"publish","type":"post","link":"https:\/\/eldiariodesanpedro.com.ar\/sitio\/cuarta-feria-el-13-de-julio\/","title":{"rendered":"Cuarta feria el 13 de julio"},"content":{"rendered":"<!-- VideographyWP Plugin Message: Automatic video embedding prevented by plugin options. -->\n\n<p>Siguiendo el cronograma propuesto, Frutos de la tierra y el r\u00edo tendr\u00e1 su encuentro de invierno frente a la Plaza Constituci\u00f3n.<br><br>Miel y dulces variados, hortalizas pesadas y lanas, ser\u00e1n las estrellas de esta edici\u00f3n, si se pone el foco en aquello t\u00edpico para pasar un invierno lleno de sabor, calentitos y entretenidos con tejidos en casa. Pero adem\u00e1s habr\u00e1 como siempre amplia variedad de plantas arbustivas, florales y cactus, plantines para anticiparse a la primavera y la variedad de productos de cada edici\u00f3n.<br><br>Como cada edici\u00f3n desde que comenz\u00f3 este 2019, contar\u00e1 con batata Ipomea, con la opci\u00f3n de poder acordar entregas a domicilio para los d\u00edas que sigan o establecer v\u00ednculos para sumar a la propuestas de restaurantes y otro tipo de negocio. Y para poder darse el gusto con platos gourmet, mostaza para preparar.<br><br>En el caso de los hilados y tejidos, se repetir\u00e1 el festival de colores de madejas de lana artesanal de ovejas locales, con promociones directas que ayuden a pasar el invierno, as\u00ed como tejidos\u00a0 \u00fanicos para lucir elegantes y calentitas, o vestir el hogar\u00a0 con lana 100% natural.<br><br>En cuanto a los dulces habr\u00e1 variedad, y es que para transitar estos fr\u00edos meses de invierno, los dulces en las tostadas, en las tortas o en confituras de postre, deber\u00e1n acumularse en las alacenas hasta la pr\u00f3xima feria, poco antes de la primavera. Incluso, como siempre estar\u00e1 la amplia oferta de mieles de distintos or\u00edgenes y con conocimiento a la mano de los consumidores.<br><br>Para quienes hacen prevenci\u00f3n en salud, estar\u00e1n los productos con prop\u00f3leos, y los plantines medicinales que traen algunos de los participantes. Y claro, plantas, plantines y plantones de todo tipo, para ir anticip\u00e1ndose a la primavera e ir planificando los patios, jardines y huertas.<br><br>Y tambi\u00e9n habr\u00e1 pescado! Una oportunidad ideal para hacer stock de invierno.<\/p>\n\n\n\n<figure class=\"wp-block-image\"><img decoding=\"async\" width=\"794\" height=\"1123\" data-attachment-id=\"56001\" data-permalink=\"https:\/\/eldiariodesanpedro.com.ar\/sitio\/cuarta-feria-el-13-de-julio\/unnamed-1-23\/\" data-orig-file=\"https:\/\/eldiariodesanpedro.com.ar\/sitio\/wp-content\/uploads\/2019\/07\/unnamed-1.png\" data-orig-size=\"794,1123\" data-comments-opened=\"1\" data-image-meta=\"{&quot;aperture&quot;:&quot;0&quot;,&quot;credit&quot;:&quot;&quot;,&quot;camera&quot;:&quot;&quot;,&quot;caption&quot;:&quot;&quot;,&quot;created_timestamp&quot;:&quot;0&quot;,&quot;copyright&quot;:&quot;&quot;,&quot;focal_length&quot;:&quot;0&quot;,&quot;iso&quot;:&quot;0&quot;,&quot;shutter_speed&quot;:&quot;0&quot;,&quot;title&quot;:&quot;&quot;,&quot;orientation&quot;:&quot;0&quot;}\" data-image-title=\"unnamed (1)\" data-image-description=\"\" data-image-caption=\"\" data-large-file=\"https:\/\/eldiariodesanpedro.com.ar\/sitio\/wp-content\/uploads\/2019\/07\/unnamed-1-724x1024.png\" data-src=\"https:\/\/i0.wp.com\/eldiariodesanpedro.com.ar\/sitio\/wp-content\/uploads\/2019\/07\/unnamed-1.png?fit=660%2C933\" alt=\"\" class=\"wp-image-56001 lazyload\" data-srcset=\"https:\/\/eldiariodesanpedro.com.ar\/sitio\/wp-content\/uploads\/2019\/07\/unnamed-1.png 794w, https:\/\/eldiariodesanpedro.com.ar\/sitio\/wp-content\/uploads\/2019\/07\/unnamed-1-212x300.png 212w, https:\/\/eldiariodesanpedro.com.ar\/sitio\/wp-content\/uploads\/2019\/07\/unnamed-1-768x1086.png 768w, https:\/\/eldiariodesanpedro.com.ar\/sitio\/wp-content\/uploads\/2019\/07\/unnamed-1-724x1024.png 724w\" data-sizes=\"(max-width: 794px) 100vw, 794px\" src=\"data:image\/svg+xml;base64,PHN2ZyB3aWR0aD0iMSIgaGVpZ2h0PSIxIiB4bWxucz0iaHR0cDovL3d3dy53My5vcmcvMjAwMC9zdmciPjwvc3ZnPg==\" style=\"--smush-placeholder-width: 794px; --smush-placeholder-aspect-ratio: 794\/1123;\" \/><\/figure>\n","protected":false},"excerpt":{"rendered":"<p>Siguiendo el cronograma propuesto, Frutos de la tierra y el r\u00edo tendr\u00e1 su encuentro de invierno frente a la Plaza Constituci\u00f3n. Miel y dulces variados, hortalizas pesadas y lanas, ser\u00e1n las estrellas de esta edici\u00f3n, si se pone el foco en aquello t\u00edpico para pasar un invierno lleno de sabor, calentitos y entretenidos con tejidos [&hellip;]<\/p>\n","protected":false},"author":4,"featured_media":56002,"comment_status":"open","ping_status":"closed","sticky":false,"template":"","format":"standard","meta":{"om_disable_all_campaigns":false,"_jetpack_memberships_contains_paid_content":false,"footnotes":""},"categories":[101,2],"tags":[],"class_list":["post-56000","post","type-post","status-publish","format-standard","has-post-thumbnail","hentry","category-interes-general-locales","category-locales"],"aioseo_notices":[],"gutentor_comment":0,"jetpack_featured_media_url":"https:\/\/eldiariodesanpedro.com.ar\/sitio\/wp-content\/uploads\/2019\/07\/unnamed.png","jetpack_shortlink":"https:\/\/wp.me\/p6RhLt-eze","jetpack_sharing_enabled":true,"_links":{"self":[{"href":"https:\/\/eldiariodesanpedro.com.ar\/sitio\/wp-json\/wp\/v2\/posts\/56000","targetHints":{"allow":["GET"]}}],"collection":[{"href":"https:\/\/eldiariodesanpedro.com.ar\/sitio\/wp-json\/wp\/v2\/posts"}],"about":[{"href":"https:\/\/eldiariodesanpedro.com.ar\/sitio\/wp-json\/wp\/v2\/types\/post"}],"author":[{"embeddable":true,"href":"https:\/\/eldiariodesanpedro.com.ar\/sitio\/wp-json\/wp\/v2\/users\/4"}],"replies":[{"embeddable":true,"href":"https:\/\/eldiariodesanpedro.com.ar\/sitio\/wp-json\/wp\/v2\/comments?post=56000"}],"version-history":[{"count":1,"href":"https:\/\/eldiariodesanpedro.com.ar\/sitio\/wp-json\/wp\/v2\/posts\/56000\/revisions"}],"predecessor-version":[{"id":56003,"href":"https:\/\/eldiariodesanpedro.com.ar\/sitio\/wp-json\/wp\/v2\/posts\/56000\/revisions\/56003"}],"wp:featuredmedia":[{"embeddable":true,"href":"https:\/\/eldiariodesanpedro.com.ar\/sitio\/wp-json\/wp\/v2\/media\/56002"}],"wp:attachment":[{"href":"https:\/\/eldiariodesanpedro.com.ar\/sitio\/wp-json\/wp\/v2\/media?parent=56000"}],"wp:term":[{"taxonomy":"category","embeddable":true,"href":"https:\/\/eldiariodesanpedro.com.ar\/sitio\/wp-json\/wp\/v2\/categories?post=56000"},{"taxonomy":"post_tag","embeddable":true,"href":"https:\/\/eldiariodesanpedro.com.ar\/sitio\/wp-json\/wp\/v2\/tags?post=56000"}],"curies":[{"name":"wp","href":"https:\/\/api.w.org\/{rel}","templated":true}]}}