{"id":55993,"date":"2019-07-12T10:58:49","date_gmt":"2019-07-12T13:58:49","guid":{"rendered":"https:\/\/eldiariodesanpedro.com.ar\/sitio\/?p=55993"},"modified":"2019-07-12T10:58:53","modified_gmt":"2019-07-12T13:58:53","slug":"baradero-anchorena-cortada-por-la-continuidad-de-las-obras","status":"publish","type":"post","link":"https:\/\/eldiariodesanpedro.com.ar\/sitio\/baradero-anchorena-cortada-por-la-continuidad-de-las-obras\/","title":{"rendered":"BARADERO: Anchorena cortada por la continuidad de las obras"},"content":{"rendered":"<!-- VideographyWP Plugin Message: Automatic video embedding prevented by plugin options. -->\n\n<p>La calle Anchorena, entre Malabia y Darraguiera, permanecer\u00e1 cortada por la continuidad de las obras.<\/p>\n\n\n\n<p>Recordemos que, despu\u00e9s de m\u00e1s de un a\u00f1o y medio en que los trabajos quedaron suspendidos, hace unos 20 d\u00edas se comenz\u00f3 con la finalizaci\u00f3n de las veredas y ahora a colocar el adoquinado, la construcci\u00f3n de los cordones donde luego se instalaran las rejillas, el cambio de bancos y la colocaci\u00f3n de bolardos mas peque\u00f1os.<\/p>\n\n\n\n<p>Estos cambios, seg\u00fan los propios comerciantes, hacen que la obra sea de mayor y mejor calidad que las cuadras anteriores.<\/p>\n\n\n\n<p>Los trabajos se hacen de manera intensiva y, seg\u00fan pudimos averiguar, se espera poder continuar inclusive durante los d\u00edas del fin de semana.<\/p>\n","protected":false},"excerpt":{"rendered":"<p>La calle Anchorena, entre Malabia y Darraguiera, permanecer\u00e1 cortada por la continuidad de las obras. Recordemos que, despu\u00e9s de m\u00e1s de un a\u00f1o y medio en que los trabajos quedaron suspendidos, hace unos 20 d\u00edas se comenz\u00f3 con la finalizaci\u00f3n de las veredas y ahora a colocar el adoquinado, la construcci\u00f3n de los cordones donde [&hellip;]<\/p>\n","protected":false},"author":4,"featured_media":55994,"comment_status":"open","ping_status":"closed","sticky":false,"template":"","format":"standard","meta":{"om_disable_all_campaigns":false,"_jetpack_memberships_contains_paid_content":false,"footnotes":""},"categories":[621],"tags":[],"class_list":["post-55993","post","type-post","status-publish","format-standard","has-post-thumbnail","hentry","category-regionales"],"aioseo_notices":[],"gutentor_comment":0,"jetpack_featured_media_url":"https:\/\/eldiariodesanpedro.com.ar\/sitio\/wp-content\/uploads\/2019\/07\/66580578_677929852657116_525237739675713536_n.jpg","jetpack_shortlink":"https:\/\/wp.me\/p6RhLt-ez7","jetpack_sharing_enabled":true,"_links":{"self":[{"href":"https:\/\/eldiariodesanpedro.com.ar\/sitio\/wp-json\/wp\/v2\/posts\/55993","targetHints":{"allow":["GET"]}}],"collection":[{"href":"https:\/\/eldiariodesanpedro.com.ar\/sitio\/wp-json\/wp\/v2\/posts"}],"about":[{"href":"https:\/\/eldiariodesanpedro.com.ar\/sitio\/wp-json\/wp\/v2\/types\/post"}],"author":[{"embeddable":true,"href":"https:\/\/eldiariodesanpedro.com.ar\/sitio\/wp-json\/wp\/v2\/users\/4"}],"replies":[{"embeddable":true,"href":"https:\/\/eldiariodesanpedro.com.ar\/sitio\/wp-json\/wp\/v2\/comments?post=55993"}],"version-history":[{"count":1,"href":"https:\/\/eldiariodesanpedro.com.ar\/sitio\/wp-json\/wp\/v2\/posts\/55993\/revisions"}],"predecessor-version":[{"id":55995,"href":"https:\/\/eldiariodesanpedro.com.ar\/sitio\/wp-json\/wp\/v2\/posts\/55993\/revisions\/55995"}],"wp:featuredmedia":[{"embeddable":true,"href":"https:\/\/eldiariodesanpedro.com.ar\/sitio\/wp-json\/wp\/v2\/media\/55994"}],"wp:attachment":[{"href":"https:\/\/eldiariodesanpedro.com.ar\/sitio\/wp-json\/wp\/v2\/media?parent=55993"}],"wp:term":[{"taxonomy":"category","embeddable":true,"href":"https:\/\/eldiariodesanpedro.com.ar\/sitio\/wp-json\/wp\/v2\/categories?post=55993"},{"taxonomy":"post_tag","embeddable":true,"href":"https:\/\/eldiariodesanpedro.com.ar\/sitio\/wp-json\/wp\/v2\/tags?post=55993"}],"curies":[{"name":"wp","href":"https:\/\/api.w.org\/{rel}","templated":true}]}}