{"id":55987,"date":"2019-07-12T10:57:41","date_gmt":"2019-07-12T13:57:41","guid":{"rendered":"https:\/\/eldiariodesanpedro.com.ar\/sitio\/?p=55987"},"modified":"2019-07-12T10:57:47","modified_gmt":"2019-07-12T13:57:47","slug":"baradero-encuentran-autopartes-de-vehiculos-robados","status":"publish","type":"post","link":"https:\/\/eldiariodesanpedro.com.ar\/sitio\/baradero-encuentran-autopartes-de-vehiculos-robados\/","title":{"rendered":"BARADERO: Encuentran autopartes de veh\u00edculos robados"},"content":{"rendered":"<!-- VideographyWP Plugin Message: Automatic video embedding prevented by plugin options. -->\n\n<p>El pasado jueves, ampliando I.P.P HURTO AGRAVADO, de fecha 09\/7\/2019 sobre la sustracci\u00f3n de un autom\u00f3vil Peugeot 207 de color gris en nuestra ciudad, y ra\u00edz averiguaciones practicadas por el gabinete de prevenci\u00f3n conjuntamente con DDI local, se realiza un allanamiento para con un predio sito en Colonia Suiza, camino real continuaci\u00f3n de Carlos Gardel\u00a0a 3 km. con direcci\u00f3n a San Pedro, logr\u00e1ndose incautar numerosas autopartes perteneciente a veh\u00edculos con pedido de secuestro activo a saber: (1) Renault kangoo, requerimiento San Miguel 1ra, (2) Renault Kangoo, requerimiento Cria San Pedro, (3) Renault Clio. requerimiento UFI 9 Baradero; (4) Vw Gol, requerimiento UFI descentralizada Zarate, (5) Peugeot 306, requerimiento UFI 5 San Pedro; (6) Land Rover, requerimiento UFI 8 Baradero; (6) Renault Megane 2, requerimiento UFI 5 Baradero; (7) Peugeot Partner, requerimiento UFI 7 Zarate; (8) Wv Gol requerimiento UFI 24 Malvinas Argentina; (9) Vw Gol requerimiento Dpto. Judicial San Martin, (10) Peugeot 207 requerimiento UFI 3 Mor\u00f3n, (11) Motor motocicleta Corven, numeraci\u00f3n suprimida, (12) Semi remolque marca Golondrina, requerimiento UFI Nro. 2 ca\u00f1uelas.- El propietario del lugar no se encontraba, pero se halla identificado y su situaci\u00f3n procesal ser\u00e1 evaluada por la fiscal\u00eda de intervenci\u00f3n UFI Nro. 8 Baradero.- <\/p>\n\n\n\n<p>Fuente: Baradero Te Informa<\/p>\n\n\n\n<figure class=\"wp-block-image\"><img decoding=\"async\" width=\"600\" height=\"800\" data-attachment-id=\"55990\" data-permalink=\"https:\/\/eldiariodesanpedro.com.ar\/sitio\/baradero-encuentran-autopartes-de-vehiculos-robados\/whatsapp-image-2019-07-11-at-21-48-06\/\" data-orig-file=\"https:\/\/eldiariodesanpedro.com.ar\/sitio\/wp-content\/uploads\/2019\/07\/WhatsApp-Image-2019-07-11-at-21.48.06.jpeg\" data-orig-size=\"600,800\" data-comments-opened=\"1\" data-image-meta=\"{&quot;aperture&quot;:&quot;0&quot;,&quot;credit&quot;:&quot;&quot;,&quot;camera&quot;:&quot;&quot;,&quot;caption&quot;:&quot;&quot;,&quot;created_timestamp&quot;:&quot;0&quot;,&quot;copyright&quot;:&quot;&quot;,&quot;focal_length&quot;:&quot;0&quot;,&quot;iso&quot;:&quot;0&quot;,&quot;shutter_speed&quot;:&quot;0&quot;,&quot;title&quot;:&quot;&quot;,&quot;orientation&quot;:&quot;0&quot;}\" data-image-title=\"WhatsApp-Image-2019-07-11-at-21.48.06\" data-image-description=\"\" data-image-caption=\"\" data-large-file=\"https:\/\/eldiariodesanpedro.com.ar\/sitio\/wp-content\/uploads\/2019\/07\/WhatsApp-Image-2019-07-11-at-21.48.06.jpeg\" data-src=\"https:\/\/eldiariodesanpedro.com.ar\/sitio\/wp-content\/uploads\/2019\/07\/WhatsApp-Image-2019-07-11-at-21.48.06.jpeg\" alt=\"\" class=\"wp-image-55990 lazyload\" data-srcset=\"https:\/\/eldiariodesanpedro.com.ar\/sitio\/wp-content\/uploads\/2019\/07\/WhatsApp-Image-2019-07-11-at-21.48.06.jpeg 600w, https:\/\/eldiariodesanpedro.com.ar\/sitio\/wp-content\/uploads\/2019\/07\/WhatsApp-Image-2019-07-11-at-21.48.06-225x300.jpeg 225w\" data-sizes=\"(max-width: 600px) 100vw, 600px\" src=\"data:image\/svg+xml;base64,PHN2ZyB3aWR0aD0iMSIgaGVpZ2h0PSIxIiB4bWxucz0iaHR0cDovL3d3dy53My5vcmcvMjAwMC9zdmciPjwvc3ZnPg==\" style=\"--smush-placeholder-width: 600px; --smush-placeholder-aspect-ratio: 600\/800;\" \/><\/figure>\n\n\n\n<figure class=\"wp-block-image\"><img decoding=\"async\" width=\"600\" height=\"800\" data-attachment-id=\"55989\" data-permalink=\"https:\/\/eldiariodesanpedro.com.ar\/sitio\/baradero-encuentran-autopartes-de-vehiculos-robados\/whatsapp-image-2019-07-11-at-21-47-15-1\/\" data-orig-file=\"https:\/\/eldiariodesanpedro.com.ar\/sitio\/wp-content\/uploads\/2019\/07\/WhatsApp-Image-2019-07-11-at-21.47.15-1.jpeg\" data-orig-size=\"600,800\" data-comments-opened=\"1\" data-image-meta=\"{&quot;aperture&quot;:&quot;0&quot;,&quot;credit&quot;:&quot;&quot;,&quot;camera&quot;:&quot;&quot;,&quot;caption&quot;:&quot;&quot;,&quot;created_timestamp&quot;:&quot;0&quot;,&quot;copyright&quot;:&quot;&quot;,&quot;focal_length&quot;:&quot;0&quot;,&quot;iso&quot;:&quot;0&quot;,&quot;shutter_speed&quot;:&quot;0&quot;,&quot;title&quot;:&quot;&quot;,&quot;orientation&quot;:&quot;0&quot;}\" data-image-title=\"WhatsApp-Image-2019-07-11-at-21.47.15-1\" data-image-description=\"\" data-image-caption=\"\" data-large-file=\"https:\/\/eldiariodesanpedro.com.ar\/sitio\/wp-content\/uploads\/2019\/07\/WhatsApp-Image-2019-07-11-at-21.47.15-1.jpeg\" data-src=\"https:\/\/eldiariodesanpedro.com.ar\/sitio\/wp-content\/uploads\/2019\/07\/WhatsApp-Image-2019-07-11-at-21.47.15-1.jpeg\" alt=\"\" class=\"wp-image-55989 lazyload\" data-srcset=\"https:\/\/eldiariodesanpedro.com.ar\/sitio\/wp-content\/uploads\/2019\/07\/WhatsApp-Image-2019-07-11-at-21.47.15-1.jpeg 600w, https:\/\/eldiariodesanpedro.com.ar\/sitio\/wp-content\/uploads\/2019\/07\/WhatsApp-Image-2019-07-11-at-21.47.15-1-225x300.jpeg 225w\" data-sizes=\"(max-width: 600px) 100vw, 600px\" src=\"data:image\/svg+xml;base64,PHN2ZyB3aWR0aD0iMSIgaGVpZ2h0PSIxIiB4bWxucz0iaHR0cDovL3d3dy53My5vcmcvMjAwMC9zdmciPjwvc3ZnPg==\" style=\"--smush-placeholder-width: 600px; --smush-placeholder-aspect-ratio: 600\/800;\" \/><\/figure>\n\n\n\n<figure class=\"wp-block-image\"><img decoding=\"async\" width=\"600\" height=\"800\" data-attachment-id=\"55988\" data-permalink=\"https:\/\/eldiariodesanpedro.com.ar\/sitio\/baradero-encuentran-autopartes-de-vehiculos-robados\/whatsapp-image-2019-07-11-at-21-47-15\/\" data-orig-file=\"https:\/\/eldiariodesanpedro.com.ar\/sitio\/wp-content\/uploads\/2019\/07\/WhatsApp-Image-2019-07-11-at-21.47.15.jpeg\" data-orig-size=\"600,800\" data-comments-opened=\"1\" data-image-meta=\"{&quot;aperture&quot;:&quot;0&quot;,&quot;credit&quot;:&quot;&quot;,&quot;camera&quot;:&quot;&quot;,&quot;caption&quot;:&quot;&quot;,&quot;created_timestamp&quot;:&quot;0&quot;,&quot;copyright&quot;:&quot;&quot;,&quot;focal_length&quot;:&quot;0&quot;,&quot;iso&quot;:&quot;0&quot;,&quot;shutter_speed&quot;:&quot;0&quot;,&quot;title&quot;:&quot;&quot;,&quot;orientation&quot;:&quot;0&quot;}\" data-image-title=\"WhatsApp-Image-2019-07-11-at-21.47.15\" data-image-description=\"\" data-image-caption=\"\" data-large-file=\"https:\/\/eldiariodesanpedro.com.ar\/sitio\/wp-content\/uploads\/2019\/07\/WhatsApp-Image-2019-07-11-at-21.47.15.jpeg\" data-src=\"https:\/\/eldiariodesanpedro.com.ar\/sitio\/wp-content\/uploads\/2019\/07\/WhatsApp-Image-2019-07-11-at-21.47.15.jpeg\" alt=\"\" class=\"wp-image-55988 lazyload\" data-srcset=\"https:\/\/eldiariodesanpedro.com.ar\/sitio\/wp-content\/uploads\/2019\/07\/WhatsApp-Image-2019-07-11-at-21.47.15.jpeg 600w, https:\/\/eldiariodesanpedro.com.ar\/sitio\/wp-content\/uploads\/2019\/07\/WhatsApp-Image-2019-07-11-at-21.47.15-225x300.jpeg 225w\" data-sizes=\"(max-width: 600px) 100vw, 600px\" src=\"data:image\/svg+xml;base64,PHN2ZyB3aWR0aD0iMSIgaGVpZ2h0PSIxIiB4bWxucz0iaHR0cDovL3d3dy53My5vcmcvMjAwMC9zdmciPjwvc3ZnPg==\" style=\"--smush-placeholder-width: 600px; --smush-placeholder-aspect-ratio: 600\/800;\" \/><\/figure>\n","protected":false},"excerpt":{"rendered":"<p>El pasado jueves, ampliando I.P.P HURTO AGRAVADO, de fecha 09\/7\/2019 sobre la sustracci\u00f3n de un autom\u00f3vil Peugeot 207 de color gris en nuestra ciudad, y ra\u00edz averiguaciones practicadas por el gabinete de prevenci\u00f3n conjuntamente con DDI local, se realiza un allanamiento para con un predio sito en Colonia Suiza, camino real continuaci\u00f3n de Carlos Gardel\u00a0a [&hellip;]<\/p>\n","protected":false},"author":4,"featured_media":55991,"comment_status":"open","ping_status":"closed","sticky":false,"template":"","format":"standard","meta":{"om_disable_all_campaigns":false,"_jetpack_memberships_contains_paid_content":false,"footnotes":""},"categories":[621],"tags":[],"class_list":["post-55987","post","type-post","status-publish","format-standard","has-post-thumbnail","hentry","category-regionales"],"aioseo_notices":[],"gutentor_comment":0,"jetpack_featured_media_url":"https:\/\/eldiariodesanpedro.com.ar\/sitio\/wp-content\/uploads\/2019\/07\/WhatsApp-Image-2019-07-11-at-21.47.15-1-1.jpeg","jetpack_shortlink":"https:\/\/wp.me\/p6RhLt-ez1","jetpack_sharing_enabled":true,"_links":{"self":[{"href":"https:\/\/eldiariodesanpedro.com.ar\/sitio\/wp-json\/wp\/v2\/posts\/55987","targetHints":{"allow":["GET"]}}],"collection":[{"href":"https:\/\/eldiariodesanpedro.com.ar\/sitio\/wp-json\/wp\/v2\/posts"}],"about":[{"href":"https:\/\/eldiariodesanpedro.com.ar\/sitio\/wp-json\/wp\/v2\/types\/post"}],"author":[{"embeddable":true,"href":"https:\/\/eldiariodesanpedro.com.ar\/sitio\/wp-json\/wp\/v2\/users\/4"}],"replies":[{"embeddable":true,"href":"https:\/\/eldiariodesanpedro.com.ar\/sitio\/wp-json\/wp\/v2\/comments?post=55987"}],"version-history":[{"count":1,"href":"https:\/\/eldiariodesanpedro.com.ar\/sitio\/wp-json\/wp\/v2\/posts\/55987\/revisions"}],"predecessor-version":[{"id":55992,"href":"https:\/\/eldiariodesanpedro.com.ar\/sitio\/wp-json\/wp\/v2\/posts\/55987\/revisions\/55992"}],"wp:featuredmedia":[{"embeddable":true,"href":"https:\/\/eldiariodesanpedro.com.ar\/sitio\/wp-json\/wp\/v2\/media\/55991"}],"wp:attachment":[{"href":"https:\/\/eldiariodesanpedro.com.ar\/sitio\/wp-json\/wp\/v2\/media?parent=55987"}],"wp:term":[{"taxonomy":"category","embeddable":true,"href":"https:\/\/eldiariodesanpedro.com.ar\/sitio\/wp-json\/wp\/v2\/categories?post=55987"},{"taxonomy":"post_tag","embeddable":true,"href":"https:\/\/eldiariodesanpedro.com.ar\/sitio\/wp-json\/wp\/v2\/tags?post=55987"}],"curies":[{"name":"wp","href":"https:\/\/api.w.org\/{rel}","templated":true}]}}