{"id":55985,"date":"2019-07-12T10:53:49","date_gmt":"2019-07-12T13:53:49","guid":{"rendered":"https:\/\/eldiariodesanpedro.com.ar\/sitio\/?p=55985"},"modified":"2019-07-12T10:53:53","modified_gmt":"2019-07-12T13:53:53","slug":"arrecifes-otro-violento-accidente-en-ruta-8","status":"publish","type":"post","link":"https:\/\/eldiariodesanpedro.com.ar\/sitio\/arrecifes-otro-violento-accidente-en-ruta-8\/","title":{"rendered":"ARRECIFES: Otro violento accidente en ruta 8"},"content":{"rendered":"<!-- VideographyWP Plugin Message: Automatic video embedding prevented by plugin options. -->\n\n<p>En la tarde de este jueves, un cami\u00f3n Mercedes Benz impact\u00f3 frontalmente con un Renault Logan en ruta 8, a unos 300 metros del ingreso a la localidad de La Luisa.<\/p>\n\n\n\n<p>El camionero se dirig\u00eda en sentido Arrecifes-Capit\u00e1n Sarmiento y choc\u00f3 violentamente contra el Logan sobre la mano contraria, por la que circulaba este \u00faltimo veh\u00edculo hacia nuestra ciudad. Aparentemente el Renault se encontr\u00f3 de frente con el cami\u00f3n y los dos se tiraron a la banquina para evitar el impacto, que lamentablemente se produjo.<\/p>\n\n\n\n<p>Los dos ocupantes del veh\u00edculo menor, de la ciudad de Col\u00f3n, quedaron atrapados en el habit\u00e1culo y debieron ser retirados por los Bomberos Voluntarios de Sarmiento, para trasladarlos al Hospital de esa localidad. El camionero, que ser\u00eda oriundo de Arrecifes, result\u00f3 ileso.<\/p>\n\n\n\n<p>Fuente: Sarmiento Diario | Fotos: CSHoy24 <\/p>\n","protected":false},"excerpt":{"rendered":"<p>En la tarde de este jueves, un cami\u00f3n Mercedes Benz impact\u00f3 frontalmente con un Renault Logan en ruta 8, a unos 300 metros del ingreso a la localidad de La Luisa. El camionero se dirig\u00eda en sentido Arrecifes-Capit\u00e1n Sarmiento y choc\u00f3 violentamente contra el Logan sobre la mano contraria, por la que circulaba este \u00faltimo [&hellip;]<\/p>\n","protected":false},"author":4,"featured_media":0,"comment_status":"open","ping_status":"closed","sticky":false,"template":"","format":"standard","meta":{"om_disable_all_campaigns":false,"_jetpack_memberships_contains_paid_content":false,"footnotes":""},"categories":[2],"tags":[],"class_list":["post-55985","post","type-post","status-publish","format-standard","hentry","category-locales"],"aioseo_notices":[],"gutentor_comment":0,"jetpack_featured_media_url":"","jetpack_shortlink":"https:\/\/wp.me\/p6RhLt-eyZ","jetpack_sharing_enabled":true,"_links":{"self":[{"href":"https:\/\/eldiariodesanpedro.com.ar\/sitio\/wp-json\/wp\/v2\/posts\/55985","targetHints":{"allow":["GET"]}}],"collection":[{"href":"https:\/\/eldiariodesanpedro.com.ar\/sitio\/wp-json\/wp\/v2\/posts"}],"about":[{"href":"https:\/\/eldiariodesanpedro.com.ar\/sitio\/wp-json\/wp\/v2\/types\/post"}],"author":[{"embeddable":true,"href":"https:\/\/eldiariodesanpedro.com.ar\/sitio\/wp-json\/wp\/v2\/users\/4"}],"replies":[{"embeddable":true,"href":"https:\/\/eldiariodesanpedro.com.ar\/sitio\/wp-json\/wp\/v2\/comments?post=55985"}],"version-history":[{"count":1,"href":"https:\/\/eldiariodesanpedro.com.ar\/sitio\/wp-json\/wp\/v2\/posts\/55985\/revisions"}],"predecessor-version":[{"id":55986,"href":"https:\/\/eldiariodesanpedro.com.ar\/sitio\/wp-json\/wp\/v2\/posts\/55985\/revisions\/55986"}],"wp:attachment":[{"href":"https:\/\/eldiariodesanpedro.com.ar\/sitio\/wp-json\/wp\/v2\/media?parent=55985"}],"wp:term":[{"taxonomy":"category","embeddable":true,"href":"https:\/\/eldiariodesanpedro.com.ar\/sitio\/wp-json\/wp\/v2\/categories?post=55985"},{"taxonomy":"post_tag","embeddable":true,"href":"https:\/\/eldiariodesanpedro.com.ar\/sitio\/wp-json\/wp\/v2\/tags?post=55985"}],"curies":[{"name":"wp","href":"https:\/\/api.w.org\/{rel}","templated":true}]}}