{"id":55982,"date":"2019-07-12T10:41:15","date_gmt":"2019-07-12T13:41:15","guid":{"rendered":"https:\/\/eldiariodesanpedro.com.ar\/sitio\/?p=55982"},"modified":"2019-07-12T10:41:20","modified_gmt":"2019-07-12T13:41:20","slug":"ramallo-vecino-termino-lesionado-tras-accidente","status":"publish","type":"post","link":"https:\/\/eldiariodesanpedro.com.ar\/sitio\/ramallo-vecino-termino-lesionado-tras-accidente\/","title":{"rendered":"RAMALLO: Vecino termin\u00f3 lesionado tras accidente"},"content":{"rendered":"<!-- VideographyWP Plugin Message: Automatic video embedding prevented by plugin options. -->\n\n<p>Un auto volc\u00f3 en una calle de Ramallo pueblo con su autom\u00f3vil y fue trasladado al hospital para determinar la gravedad de las consecuencias.<\/p>\n\n\n\n<p>Ocurri\u00f3 el domingo a las 2:50 de la madrugada en Juan B. Justo al 700, donde Germ\u00e1n Benedetti, un ciudadano ramallense de 48 a\u00f1os, result\u00f3 con lesiones tras volcar su Renault Laguna gris.<\/p>\n\n\n\n<p>A ra\u00edz de un llamado al 911, personal de la Comisar\u00eda primera se hizo presente en el lugar y constataron que \u2013por razones que son materia de investigaci\u00f3n- el veh\u00edculo del mencionado vecino habr\u00eda impactado previamente en un auto Fiat blanco que estaba estacionado.<\/p>\n\n\n\n<p> La Polic\u00eda secuestr\u00f3 ambos rodados y personal de la divisi\u00f3n cient\u00edfica inici\u00f3 las tareas inmediatamente para investigar las causas del siniestro vial. <\/p>\n\n\n\n<p>Fuente: Ramallo Informa<\/p>\n","protected":false},"excerpt":{"rendered":"<p>Un auto volc\u00f3 en una calle de Ramallo pueblo con su autom\u00f3vil y fue trasladado al hospital para determinar la gravedad de las consecuencias. Ocurri\u00f3 el domingo a las 2:50 de la madrugada en Juan B. Justo al 700, donde Germ\u00e1n Benedetti, un ciudadano ramallense de 48 a\u00f1os, result\u00f3 con lesiones tras volcar su Renault [&hellip;]<\/p>\n","protected":false},"author":4,"featured_media":55983,"comment_status":"open","ping_status":"closed","sticky":false,"template":"","format":"standard","meta":{"om_disable_all_campaigns":false,"_jetpack_memberships_contains_paid_content":false,"footnotes":""},"categories":[621],"tags":[],"class_list":["post-55982","post","type-post","status-publish","format-standard","has-post-thumbnail","hentry","category-regionales"],"aioseo_notices":[],"gutentor_comment":0,"jetpack_featured_media_url":"https:\/\/eldiariodesanpedro.com.ar\/sitio\/wp-content\/uploads\/2019\/07\/Laguna-volcado.jpg","jetpack_shortlink":"https:\/\/wp.me\/p6RhLt-eyW","jetpack_sharing_enabled":true,"_links":{"self":[{"href":"https:\/\/eldiariodesanpedro.com.ar\/sitio\/wp-json\/wp\/v2\/posts\/55982","targetHints":{"allow":["GET"]}}],"collection":[{"href":"https:\/\/eldiariodesanpedro.com.ar\/sitio\/wp-json\/wp\/v2\/posts"}],"about":[{"href":"https:\/\/eldiariodesanpedro.com.ar\/sitio\/wp-json\/wp\/v2\/types\/post"}],"author":[{"embeddable":true,"href":"https:\/\/eldiariodesanpedro.com.ar\/sitio\/wp-json\/wp\/v2\/users\/4"}],"replies":[{"embeddable":true,"href":"https:\/\/eldiariodesanpedro.com.ar\/sitio\/wp-json\/wp\/v2\/comments?post=55982"}],"version-history":[{"count":1,"href":"https:\/\/eldiariodesanpedro.com.ar\/sitio\/wp-json\/wp\/v2\/posts\/55982\/revisions"}],"predecessor-version":[{"id":55984,"href":"https:\/\/eldiariodesanpedro.com.ar\/sitio\/wp-json\/wp\/v2\/posts\/55982\/revisions\/55984"}],"wp:featuredmedia":[{"embeddable":true,"href":"https:\/\/eldiariodesanpedro.com.ar\/sitio\/wp-json\/wp\/v2\/media\/55983"}],"wp:attachment":[{"href":"https:\/\/eldiariodesanpedro.com.ar\/sitio\/wp-json\/wp\/v2\/media?parent=55982"}],"wp:term":[{"taxonomy":"category","embeddable":true,"href":"https:\/\/eldiariodesanpedro.com.ar\/sitio\/wp-json\/wp\/v2\/categories?post=55982"},{"taxonomy":"post_tag","embeddable":true,"href":"https:\/\/eldiariodesanpedro.com.ar\/sitio\/wp-json\/wp\/v2\/tags?post=55982"}],"curies":[{"name":"wp","href":"https:\/\/api.w.org\/{rel}","templated":true}]}}