{"id":5598,"date":"2016-06-20T19:03:45","date_gmt":"2016-06-20T22:03:45","guid":{"rendered":"https:\/\/eldiariodesanpedro.com.ar\/sitio\/?p=5598"},"modified":"2016-06-20T19:03:45","modified_gmt":"2016-06-20T22:03:45","slug":"el-intendente-salazar-encabezo-el-acto-del-dia-de-la-bandera","status":"publish","type":"post","link":"https:\/\/eldiariodesanpedro.com.ar\/sitio\/el-intendente-salazar-encabezo-el-acto-del-dia-de-la-bandera\/","title":{"rendered":"El intendente Salazar encabez\u00f3 el acto del D\u00eda de la Bandera"},"content":{"rendered":"<p><!-- VideographyWP Plugin Message: Automatic video embedding prevented by plugin options. --><br \/>\nEn el d\u00eda de hoy, en la plaza Belgrano, el intendente Cecilio Salazar encabez\u00f3 el acto en conmemoraci\u00f3n al D\u00eda de la Bandera. El evento en conmemoraci\u00f3n del fallecimiento del pr\u00f3cer y creador de dicho emblema nacional cont\u00f3 con la participaci\u00f3n de integrantes del gabinete, autoridades del HCD, representantes de entidades intermedias de la ciudad y alumnos de distintas escuelas.<br \/>\nEn la ocasi\u00f3n, se procedi\u00f3 al izamiento de la ense\u00f1a patria, luego se enton\u00f3 el Himno Nacional Argentino y posteriormente se ofrendaron flores en el busto de Manuel Belgrano.<br \/>\nSeguidamente, el jefe comunal pronunci\u00f3 palabras alusivas a la fecha: \u201cHoy nos convoca un nuevo D\u00eda de la Bandera, jornada en la que se conmemora el fallecimiento del pr\u00f3cer creador de este importante s\u00edmbolo patrio. Manuel Belgrano fue un luchador incansable por nuestra Rep\u00fablica\u201d.<br \/>\nAsimismo agreg\u00f3: \u201cEsa primera bandera fue creada en 1812 con los mismos colores de la escarapela y enarbolada por primera vez en Rosario a orillas del r\u00edo Paran\u00e1, dejando as\u00ed establecido ese emblema que hoy nos identifica como argentinos\u201d.<br \/>\nSobre el pr\u00f3cer, Salazar manifest\u00f3: \u201cBelgrano fue un hombre leal, fiel a sus convicciones y con un gran amor por estas tierras. Un hombre con una voluntad poderosa, un alma grande y un coraz\u00f3n generoso, al servicio de la Patria\u201d.<br \/>\nLuego, agreg\u00f3: \u201cHoy, a 200 a\u00f1os de la creaci\u00f3n de nuestra querida bandera, reafirmamos ese compromiso que tuvo Belgrano: el compromiso de trabajar juntos, de estar unidos, de ser fuertes, esta querida Argentina\u201d. \u201cEste 20 de junio recordamos a Belgrano como lo que era, un combatiente de la libertad, un combatiente de la independencia, combatiente de la naci\u00f3n y del pueblo\u201d, a\u00f1adi\u00f3 el jefe comunal.<br \/>\nPor \u00faltimo, manifest\u00f3: \u201cTenemos mucho desaf\u00edo por delante, pero no tengo dudas de que vamos por el buen camino y que todos juntos saldremos adelante, logrando que esta hermosa ciudad recupere la luz que supo tener\u201d y, en\u00e9rgicamente, finaliz\u00f3 su alocuci\u00f3n con un \u201cViva la Patria\u201d.<br \/>\nPor su parte, la jefa distrital de Educaci\u00f3n, Eleonora Taurizano, quien tom\u00f3 el juramento a la bandera a los alumnos de 4\u00ba grado, se\u00f1al\u00f3: \u201cEsta es la bandera que cre\u00f3 Manuel Belgrano en los albores de nuestra libertad, simboliza la Rep\u00fablica Argentina, nuestra patria. Es el s\u00edmbolo de los valores que los fundadores de la nacionalidad defendieron y promovieron con sus luchas, su sacrificio, triunfos y derrotas\u201d.<br \/>\n\u201cSimboliza nuestro presente, el que d\u00eda a d\u00eda debemos construir en la democracia, que nos ennoblece, y conquistar el conocimiento que nos libera y simboliza nuestro futuro, el de nuestros hijos y el de las sucesivas generaciones de argentinos\u201d, dijo seguidamente. <\/p>\n","protected":false},"excerpt":{"rendered":"<p>En el d\u00eda de hoy, en la plaza Belgrano, el intendente Cecilio Salazar encabez\u00f3 el acto en conmemoraci\u00f3n al D\u00eda de la Bandera. El evento en conmemoraci\u00f3n del fallecimiento del pr\u00f3cer y creador de dicho emblema nacional cont\u00f3 con la participaci\u00f3n de integrantes del gabinete, autoridades del HCD, representantes de entidades intermedias de la ciudad [&hellip;]<\/p>\n","protected":false},"author":4,"featured_media":5599,"comment_status":"open","ping_status":"closed","sticky":false,"template":"","format":"standard","meta":{"om_disable_all_campaigns":false,"_jetpack_memberships_contains_paid_content":false,"footnotes":""},"categories":[50,2,102],"tags":[],"class_list":["post-5598","post","type-post","status-publish","format-standard","has-post-thumbnail","hentry","category-destacadas","category-locales","category-politica-locales"],"aioseo_notices":[],"gutentor_comment":0,"jetpack_featured_media_url":"https:\/\/eldiariodesanpedro.com.ar\/sitio\/wp-content\/uploads\/2016\/06\/PAGINA-3-01-3.jpg","jetpack_shortlink":"https:\/\/wp.me\/p6RhLt-1si","jetpack_sharing_enabled":true,"_links":{"self":[{"href":"https:\/\/eldiariodesanpedro.com.ar\/sitio\/wp-json\/wp\/v2\/posts\/5598","targetHints":{"allow":["GET"]}}],"collection":[{"href":"https:\/\/eldiariodesanpedro.com.ar\/sitio\/wp-json\/wp\/v2\/posts"}],"about":[{"href":"https:\/\/eldiariodesanpedro.com.ar\/sitio\/wp-json\/wp\/v2\/types\/post"}],"author":[{"embeddable":true,"href":"https:\/\/eldiariodesanpedro.com.ar\/sitio\/wp-json\/wp\/v2\/users\/4"}],"replies":[{"embeddable":true,"href":"https:\/\/eldiariodesanpedro.com.ar\/sitio\/wp-json\/wp\/v2\/comments?post=5598"}],"version-history":[{"count":1,"href":"https:\/\/eldiariodesanpedro.com.ar\/sitio\/wp-json\/wp\/v2\/posts\/5598\/revisions"}],"predecessor-version":[{"id":5600,"href":"https:\/\/eldiariodesanpedro.com.ar\/sitio\/wp-json\/wp\/v2\/posts\/5598\/revisions\/5600"}],"wp:featuredmedia":[{"embeddable":true,"href":"https:\/\/eldiariodesanpedro.com.ar\/sitio\/wp-json\/wp\/v2\/media\/5599"}],"wp:attachment":[{"href":"https:\/\/eldiariodesanpedro.com.ar\/sitio\/wp-json\/wp\/v2\/media?parent=5598"}],"wp:term":[{"taxonomy":"category","embeddable":true,"href":"https:\/\/eldiariodesanpedro.com.ar\/sitio\/wp-json\/wp\/v2\/categories?post=5598"},{"taxonomy":"post_tag","embeddable":true,"href":"https:\/\/eldiariodesanpedro.com.ar\/sitio\/wp-json\/wp\/v2\/tags?post=5598"}],"curies":[{"name":"wp","href":"https:\/\/api.w.org\/{rel}","templated":true}]}}