{"id":55977,"date":"2019-07-12T10:39:43","date_gmt":"2019-07-12T13:39:43","guid":{"rendered":"https:\/\/eldiariodesanpedro.com.ar\/sitio\/?p=55977"},"modified":"2019-07-12T10:39:47","modified_gmt":"2019-07-12T13:39:47","slug":"ramallo-segundo-caso-de-gripe-a-en-ramallo","status":"publish","type":"post","link":"https:\/\/eldiariodesanpedro.com.ar\/sitio\/ramallo-segundo-caso-de-gripe-a-en-ramallo\/","title":{"rendered":"RAMALLO: Segundo caso de Gripe A en Ramallo"},"content":{"rendered":"<!-- VideographyWP Plugin Message: Automatic video embedding prevented by plugin options. -->\n\n<p>Se confirm\u00f3 un nuevo caso de gripe A en Ramallo. Se trata nuevamente de un joven que asiste a la Escuela T\u00e9cnica N\u00b0 1 \u201cBonifacio Vel\u00e1zquez\u201d.&nbsp; El joven evoluciona bien y no tiene factores de riesgo.<\/p>\n\n\n\n<p>D\u00edas pasados, una chica de 12 a\u00f1os que concurre al mismo establecimiento educativo contrajo tambi\u00e9n el virus, pero al igual que en este segundo contagio, lo pudo superar sin ninguna dificultad.<\/p>\n\n\n\n<p>La secretaria de Salud,&nbsp;<strong>Noelia Cejas<\/strong>, expres\u00f3 que \u201cen ambos casos se trata de adolescentes sin factores de riesgo con una evoluci\u00f3n favorable\u201d.<\/p>\n\n\n\n<p>\u201cNo hay ninguna indicaci\u00f3n de tomar una medida extrema salvo la de reforzar las recomendaciones del caso que son las mismas que recomendamos siempre para la gripe: consultar al m\u00e9dico, no automedicarse y vacunarse todas aquellas personas que son factores de riesgo. Hay tiempo porque el virus va a estar dando circulando hasta el mes de noviembre\u201d, complet\u00f3.<\/p>\n\n\n\n<p>Fuente: Ramallo Ciudad<\/p>\n","protected":false},"excerpt":{"rendered":"<p>Se confirm\u00f3 un nuevo caso de gripe A en Ramallo. Se trata nuevamente de un joven que asiste a la Escuela T\u00e9cnica N\u00b0 1 \u201cBonifacio Vel\u00e1zquez\u201d.&nbsp; El joven evoluciona bien y no tiene factores de riesgo. D\u00edas pasados, una chica de 12 a\u00f1os que concurre al mismo establecimiento educativo contrajo tambi\u00e9n el virus, pero al [&hellip;]<\/p>\n","protected":false},"author":4,"featured_media":55980,"comment_status":"open","ping_status":"closed","sticky":false,"template":"","format":"standard","meta":{"om_disable_all_campaigns":false,"_jetpack_memberships_contains_paid_content":false,"footnotes":""},"categories":[621],"tags":[],"class_list":["post-55977","post","type-post","status-publish","format-standard","has-post-thumbnail","hentry","category-regionales"],"aioseo_notices":[],"gutentor_comment":0,"jetpack_featured_media_url":"https:\/\/eldiariodesanpedro.com.ar\/sitio\/wp-content\/uploads\/2019\/07\/bbx_854860290_1_gripe_a.jpg","jetpack_shortlink":"https:\/\/wp.me\/p6RhLt-eyR","jetpack_sharing_enabled":true,"_links":{"self":[{"href":"https:\/\/eldiariodesanpedro.com.ar\/sitio\/wp-json\/wp\/v2\/posts\/55977","targetHints":{"allow":["GET"]}}],"collection":[{"href":"https:\/\/eldiariodesanpedro.com.ar\/sitio\/wp-json\/wp\/v2\/posts"}],"about":[{"href":"https:\/\/eldiariodesanpedro.com.ar\/sitio\/wp-json\/wp\/v2\/types\/post"}],"author":[{"embeddable":true,"href":"https:\/\/eldiariodesanpedro.com.ar\/sitio\/wp-json\/wp\/v2\/users\/4"}],"replies":[{"embeddable":true,"href":"https:\/\/eldiariodesanpedro.com.ar\/sitio\/wp-json\/wp\/v2\/comments?post=55977"}],"version-history":[{"count":1,"href":"https:\/\/eldiariodesanpedro.com.ar\/sitio\/wp-json\/wp\/v2\/posts\/55977\/revisions"}],"predecessor-version":[{"id":55981,"href":"https:\/\/eldiariodesanpedro.com.ar\/sitio\/wp-json\/wp\/v2\/posts\/55977\/revisions\/55981"}],"wp:featuredmedia":[{"embeddable":true,"href":"https:\/\/eldiariodesanpedro.com.ar\/sitio\/wp-json\/wp\/v2\/media\/55980"}],"wp:attachment":[{"href":"https:\/\/eldiariodesanpedro.com.ar\/sitio\/wp-json\/wp\/v2\/media?parent=55977"}],"wp:term":[{"taxonomy":"category","embeddable":true,"href":"https:\/\/eldiariodesanpedro.com.ar\/sitio\/wp-json\/wp\/v2\/categories?post=55977"},{"taxonomy":"post_tag","embeddable":true,"href":"https:\/\/eldiariodesanpedro.com.ar\/sitio\/wp-json\/wp\/v2\/tags?post=55977"}],"curies":[{"name":"wp","href":"https:\/\/api.w.org\/{rel}","templated":true}]}}