{"id":55974,"date":"2019-07-12T10:26:36","date_gmt":"2019-07-12T13:26:36","guid":{"rendered":"https:\/\/eldiariodesanpedro.com.ar\/sitio\/?p=55974"},"modified":"2019-07-12T10:26:40","modified_gmt":"2019-07-12T13:26:40","slug":"detienen-a-un-sampedrino-por-un-robo-en-la-localidad-de-san-antonio-de-areco","status":"publish","type":"post","link":"https:\/\/eldiariodesanpedro.com.ar\/sitio\/detienen-a-un-sampedrino-por-un-robo-en-la-localidad-de-san-antonio-de-areco\/","title":{"rendered":"Detienen a un sampedrino por un robo en la localidad de San Antonio de Areco"},"content":{"rendered":"<!-- VideographyWP Plugin Message: Automatic video embedding prevented by plugin options. -->\n\n<p> Personal de la DDI\u00a0Mercedes efectu\u00f3 un operativo\u00a0en el barrio La Tosquera y detuvo a una persona acusada\u00a0de participar en un hecho acontecido en la vecina ciudad. Tambi\u00e9n aprendi\u00f3 a otra que\u00a0estar\u00eda relacionada con el hecho. Ambos tienen frondosos antecedentes. <\/p>\n\n\n\n<p>Sobre la ma\u00f1ana del d\u00eda jueves personal policial perteneciente a la DDI Mercedes, apoyada por personal de otras dependencias de la regi\u00f3n incluido San Pedro, encabez\u00f3\u00a0un operativo simult\u00e1neo en el barrio La Tosquera de nuestra ciudad.<\/p>\n\n\n\n<p>Ah\u00ed logr\u00f3 detener una persona identificada como Waldemar Weiss, de 39 a\u00f1os, qui\u00e9n estar\u00eda vinculado a un hecho de robo acontecido en el partido de San Antonio de Areco el mes pasado y donde a la v\u00edctima le sustrajeron un suma de dinero en efectivo cuya cantidad no trascendi\u00f3. &nbsp;<\/p>\n\n\n\n<p>A la vez se aprehendi\u00f3 a otra persona qu\u00e9 podr\u00eda estar relacionada con\u00a0el mismo hecho delictivo y quien aparece en otros hechos como c\u00f3mplice del detenido.\u00a0<\/p>\n\n\n\n<p>Tanto Weiss\u00a0como el otro sospechoso cuentan con frondosos antecedentes, principalmente por robos cometidos en la zona rural.<br><\/p>\n\n\n\n<p>Ambos imputados fueron trasladados a la ciudad de Mercedes en d\u00f3nde se definir\u00e1 su futuro judicial con respecto al caso en el que se los involucra.<\/p>\n\n\n\n<p>Fuente: San Pedro Informa <\/p>\n","protected":false},"excerpt":{"rendered":"<p>Personal de la DDI\u00a0Mercedes efectu\u00f3 un operativo\u00a0en el barrio La Tosquera y detuvo a una persona acusada\u00a0de participar en un hecho acontecido en la vecina ciudad. Tambi\u00e9n aprendi\u00f3 a otra que\u00a0estar\u00eda relacionada con el hecho. Ambos tienen frondosos antecedentes. Sobre la ma\u00f1ana del d\u00eda jueves personal policial perteneciente a la DDI Mercedes, apoyada por personal [&hellip;]<\/p>\n","protected":false},"author":4,"featured_media":55975,"comment_status":"open","ping_status":"closed","sticky":false,"template":"","format":"standard","meta":{"om_disable_all_campaigns":false,"_jetpack_memberships_contains_paid_content":false,"footnotes":""},"categories":[50,2,103],"tags":[],"class_list":["post-55974","post","type-post","status-publish","format-standard","has-post-thumbnail","hentry","category-destacadas","category-locales","category-policiales-locales"],"aioseo_notices":[],"gutentor_comment":0,"jetpack_featured_media_url":"https:\/\/eldiariodesanpedro.com.ar\/sitio\/wp-content\/uploads\/2019\/07\/000078352.jpg","jetpack_shortlink":"https:\/\/wp.me\/p6RhLt-eyO","jetpack_sharing_enabled":true,"_links":{"self":[{"href":"https:\/\/eldiariodesanpedro.com.ar\/sitio\/wp-json\/wp\/v2\/posts\/55974","targetHints":{"allow":["GET"]}}],"collection":[{"href":"https:\/\/eldiariodesanpedro.com.ar\/sitio\/wp-json\/wp\/v2\/posts"}],"about":[{"href":"https:\/\/eldiariodesanpedro.com.ar\/sitio\/wp-json\/wp\/v2\/types\/post"}],"author":[{"embeddable":true,"href":"https:\/\/eldiariodesanpedro.com.ar\/sitio\/wp-json\/wp\/v2\/users\/4"}],"replies":[{"embeddable":true,"href":"https:\/\/eldiariodesanpedro.com.ar\/sitio\/wp-json\/wp\/v2\/comments?post=55974"}],"version-history":[{"count":1,"href":"https:\/\/eldiariodesanpedro.com.ar\/sitio\/wp-json\/wp\/v2\/posts\/55974\/revisions"}],"predecessor-version":[{"id":55976,"href":"https:\/\/eldiariodesanpedro.com.ar\/sitio\/wp-json\/wp\/v2\/posts\/55974\/revisions\/55976"}],"wp:featuredmedia":[{"embeddable":true,"href":"https:\/\/eldiariodesanpedro.com.ar\/sitio\/wp-json\/wp\/v2\/media\/55975"}],"wp:attachment":[{"href":"https:\/\/eldiariodesanpedro.com.ar\/sitio\/wp-json\/wp\/v2\/media?parent=55974"}],"wp:term":[{"taxonomy":"category","embeddable":true,"href":"https:\/\/eldiariodesanpedro.com.ar\/sitio\/wp-json\/wp\/v2\/categories?post=55974"},{"taxonomy":"post_tag","embeddable":true,"href":"https:\/\/eldiariodesanpedro.com.ar\/sitio\/wp-json\/wp\/v2\/tags?post=55974"}],"curies":[{"name":"wp","href":"https:\/\/api.w.org\/{rel}","templated":true}]}}