{"id":55972,"date":"2019-07-12T10:29:09","date_gmt":"2019-07-12T13:29:09","guid":{"rendered":"https:\/\/eldiariodesanpedro.com.ar\/sitio\/?p=55972"},"modified":"2019-07-12T10:29:13","modified_gmt":"2019-07-12T13:29:13","slug":"el-policia-acusado-de-violacion-y-secuestro-fue-desafectado-de-la-fuerza","status":"publish","type":"post","link":"https:\/\/eldiariodesanpedro.com.ar\/sitio\/el-policia-acusado-de-violacion-y-secuestro-fue-desafectado-de-la-fuerza\/","title":{"rendered":"El polic\u00eda acusado de violaci\u00f3n y secuestro fue desafectado de la fuerza"},"content":{"rendered":"<!-- VideographyWP Plugin Message: Automatic video embedding prevented by plugin options. -->\n\n<p>El agente fue desafectado de la Bonaerense, aunque contin\u00faa en libertad.<\/p>\n\n\n\n<p>Luego de conocerse p\u00fablicamente una denuncia en su contra radicada en la Comisaria de La Mujer de nuestra ciudad donde una medica uruguaya cuenta haber sido victima de secuestro y violaci\u00f3n sumado a agresiones f\u00edsicas.<\/p>\n\n\n\n<p>El jueves 4 de julio, personal de Prefectura allan\u00f3 la propiedad del efectivo policial sita en Romulo Na\u00f3n al 1300 en el marco de la causa por abuso sexual y agresiones f\u00edsicas investigado por la UFI N\u00ba8 de Baradero denunciada.<\/p>\n\n\n\n<p>La denunciante afirma haber sido secuestrada y violada por el sujeto a quien so\u00f1\u00f3 conocer luego de una relaci\u00f3n de meses por una red social, donde al llegar a San Pedro se convirti\u00f3 en un verdadero sufrimiento.<\/p>\n\n\n\n<p>Por otro lado, el acusado di\u00e1logo con nuestra redacci\u00f3n y cont\u00f3 su versi\u00f3n de la relaci\u00f3n que manten\u00eda con la mujer uruguaya y que espera la intervenci\u00f3n de la justicia, \u00abella abri\u00f3 la puerta y se fue por su propio medio y nada m\u00e1s, o sea no sali\u00f3 corriendo y todo lo que dijo en otro medio y declaro, eso no es verdad\u00bb<\/p>\n\n\n\n<p>\u00abElla vino a visitarme y se quiso quedar, tengo testigos que la llevaba conmigo adem\u00e1s cuando tocaba en la banda de folklore con la que participo desde hace mucho tiempo, soy musico, ella me acompa\u00f1aba, como si la tengo secuestrada voy hacer eso, ademas tengo audios que manten\u00eda conversaciones con mi vieja, que le dec\u00eda que iba al chino, tengo muchas pruebas\u00bb<\/p>\n\n\n\n<p>A todo esto, el Ministerio de Seguridad provincial confirm\u00f3 que el polic\u00eda denunciado, Daniel A. (37),\u00a0ya fue desafectado de sus funciones. <\/p>\n\n\n\n<p>Su abogado defensor pidi\u00f3 una eximici\u00f3n de prisi\u00f3n que deber\u00e1 resolver el juez de Garant\u00edas N\u00b0 1 de San Nicol\u00e1s, Ram\u00f3n Parodi, por lo que hasta ahora contin\u00faa en libertad.<\/p>\n\n\n\n<p> <br>El acusado se desempe\u00f1aba en la comisar\u00eda 1\u00b0 de Z\u00e1rate y estaba destinado en un puesto vial de San Antonio de Areco. <\/p>\n\n\n\n<p>No obstante, Guillermo Berra, titular de Auditor\u00eda General de Asuntos Internos del Ministerio de Seguridad provincial, lo desafect\u00f3 de sus funciones de la fuerza hasta que se resuelva su situaci\u00f3n procesal.<\/p>\n\n\n\n<p>Es que el agente ten\u00eda antecedentes de a\u00f1os atr\u00e1s por violencia sobre algunos compa\u00f1eros y sobre una mujer, por lo que se tom\u00f3 la decisi\u00f3n de que sea apartado de la Polic\u00eda.<\/p>\n\n\n\n<p><br><\/p>\n","protected":false},"excerpt":{"rendered":"<p>El agente fue desafectado de la Bonaerense, aunque contin\u00faa en libertad. Luego de conocerse p\u00fablicamente una denuncia en su contra radicada en la Comisaria de La Mujer de nuestra ciudad donde una medica uruguaya cuenta haber sido victima de secuestro y violaci\u00f3n sumado a agresiones f\u00edsicas. El jueves 4 de julio, personal de Prefectura allan\u00f3 [&hellip;]<\/p>\n","protected":false},"author":4,"featured_media":55978,"comment_status":"open","ping_status":"closed","sticky":false,"template":"","format":"standard","meta":{"om_disable_all_campaigns":false,"_jetpack_memberships_contains_paid_content":false,"footnotes":""},"categories":[50,2,103],"tags":[],"class_list":["post-55972","post","type-post","status-publish","format-standard","has-post-thumbnail","hentry","category-destacadas","category-locales","category-policiales-locales"],"aioseo_notices":[],"gutentor_comment":0,"jetpack_featured_media_url":"https:\/\/eldiariodesanpedro.com.ar\/sitio\/wp-content\/uploads\/2019\/07\/arton96642-1.jpg","jetpack_shortlink":"https:\/\/wp.me\/p6RhLt-eyM","jetpack_sharing_enabled":true,"_links":{"self":[{"href":"https:\/\/eldiariodesanpedro.com.ar\/sitio\/wp-json\/wp\/v2\/posts\/55972","targetHints":{"allow":["GET"]}}],"collection":[{"href":"https:\/\/eldiariodesanpedro.com.ar\/sitio\/wp-json\/wp\/v2\/posts"}],"about":[{"href":"https:\/\/eldiariodesanpedro.com.ar\/sitio\/wp-json\/wp\/v2\/types\/post"}],"author":[{"embeddable":true,"href":"https:\/\/eldiariodesanpedro.com.ar\/sitio\/wp-json\/wp\/v2\/users\/4"}],"replies":[{"embeddable":true,"href":"https:\/\/eldiariodesanpedro.com.ar\/sitio\/wp-json\/wp\/v2\/comments?post=55972"}],"version-history":[{"count":1,"href":"https:\/\/eldiariodesanpedro.com.ar\/sitio\/wp-json\/wp\/v2\/posts\/55972\/revisions"}],"predecessor-version":[{"id":55979,"href":"https:\/\/eldiariodesanpedro.com.ar\/sitio\/wp-json\/wp\/v2\/posts\/55972\/revisions\/55979"}],"wp:featuredmedia":[{"embeddable":true,"href":"https:\/\/eldiariodesanpedro.com.ar\/sitio\/wp-json\/wp\/v2\/media\/55978"}],"wp:attachment":[{"href":"https:\/\/eldiariodesanpedro.com.ar\/sitio\/wp-json\/wp\/v2\/media?parent=55972"}],"wp:term":[{"taxonomy":"category","embeddable":true,"href":"https:\/\/eldiariodesanpedro.com.ar\/sitio\/wp-json\/wp\/v2\/categories?post=55972"},{"taxonomy":"post_tag","embeddable":true,"href":"https:\/\/eldiariodesanpedro.com.ar\/sitio\/wp-json\/wp\/v2\/tags?post=55972"}],"curies":[{"name":"wp","href":"https:\/\/api.w.org\/{rel}","templated":true}]}}