{"id":55971,"date":"2019-07-12T11:25:46","date_gmt":"2019-07-12T14:25:46","guid":{"rendered":"https:\/\/eldiariodesanpedro.com.ar\/sitio\/?p=55971"},"modified":"2019-07-12T11:25:50","modified_gmt":"2019-07-12T14:25:50","slug":"detuvieron-en-la-tosquera-a-delincuentes-que-protagonizaron-un-violento-asalto-a-la-familia-del-cunado-de-facundo-arana","status":"publish","type":"post","link":"https:\/\/eldiariodesanpedro.com.ar\/sitio\/detuvieron-en-la-tosquera-a-delincuentes-que-protagonizaron-un-violento-asalto-a-la-familia-del-cunado-de-facundo-arana\/","title":{"rendered":"Detuvieron en La Tosquera a delincuentes que protagonizaron un violento asalto a la familia del cu\u00f1ado de Facundo Arana"},"content":{"rendered":"<!-- VideographyWP Plugin Message: Automatic video embedding prevented by plugin options. -->\n\n<p>El aberrante hecho sucedi\u00f3 el 14 de mayo en una estancia de San Antonio de Areco \u201cLa Porte\u00f1a\u201d ubicada en dicho partido de la provincia de Buenos Aires. El actor Facundo Arana cont\u00f3 lo sucedido a los medios de comunicacion horas despu\u00e9s. Tres delincuentes les robaron a sus cu\u00f1ados tras golpearlos delante de sus hijos por horas. Los agresores fueron detenidos en el paraje La Tosquera de nuestra ciudad d\u00edas despu\u00e9s.<\/p>\n\n\n\n<figure class=\"wp-block-image\"><img decoding=\"async\" width=\"640\" height=\"358\" data-attachment-id=\"55998\" data-permalink=\"https:\/\/eldiariodesanpedro.com.ar\/sitio\/detuvieron-en-la-tosquera-a-delincuentes-que-protagonizaron-un-violento-asalto-a-la-familia-del-cunado-de-facundo-arana\/asalto-a-susini\/\" data-orig-file=\"https:\/\/eldiariodesanpedro.com.ar\/sitio\/wp-content\/uploads\/2019\/07\/asalto-a-susini.jpg\" data-orig-size=\"640,358\" data-comments-opened=\"1\" data-image-meta=\"{&quot;aperture&quot;:&quot;0&quot;,&quot;credit&quot;:&quot;&quot;,&quot;camera&quot;:&quot;&quot;,&quot;caption&quot;:&quot;&quot;,&quot;created_timestamp&quot;:&quot;0&quot;,&quot;copyright&quot;:&quot;&quot;,&quot;focal_length&quot;:&quot;0&quot;,&quot;iso&quot;:&quot;0&quot;,&quot;shutter_speed&quot;:&quot;0&quot;,&quot;title&quot;:&quot;&quot;,&quot;orientation&quot;:&quot;0&quot;}\" data-image-title=\"asalto-a-susini\" data-image-description=\"\" data-image-caption=\"\" data-large-file=\"https:\/\/eldiariodesanpedro.com.ar\/sitio\/wp-content\/uploads\/2019\/07\/asalto-a-susini.jpg\" data-src=\"https:\/\/eldiariodesanpedro.com.ar\/sitio\/wp-content\/uploads\/2019\/07\/asalto-a-susini.jpg\" alt=\"\" class=\"wp-image-55998 lazyload\" data-srcset=\"https:\/\/eldiariodesanpedro.com.ar\/sitio\/wp-content\/uploads\/2019\/07\/asalto-a-susini.jpg 640w, https:\/\/eldiariodesanpedro.com.ar\/sitio\/wp-content\/uploads\/2019\/07\/asalto-a-susini-300x168.jpg 300w\" data-sizes=\"(max-width: 640px) 100vw, 640px\" src=\"data:image\/svg+xml;base64,PHN2ZyB3aWR0aD0iMSIgaGVpZ2h0PSIxIiB4bWxucz0iaHR0cDovL3d3dy53My5vcmcvMjAwMC9zdmciPjwvc3ZnPg==\" style=\"--smush-placeholder-width: 640px; --smush-placeholder-aspect-ratio: 640\/358;\" \/><\/figure>\n\n\n\n<p>Se trata del hermano de Mar\u00eda Susini y su esposa, quienes estuvieron internados durante d\u00edas y ya fueron dados de alta.<\/p>\n\n\n\n<p>\u00a0\u00abTres hombres golpearon durante dos horas a mi cu\u00f1ado Gonzalo y a su esposa, delante de sus tres hijos de 10, 8 y 3 a\u00f1os. Un espanto\u00bb, expres\u00f3 el actor.<\/p>\n\n\n\n<p>El Hecho:<\/p>\n\n\n\n<p>\u00a0Los delincuentes, que estaban encapuchados, saltaron la tranquera y entraron a la casa mientras todos dorm\u00edan.<\/p>\n\n\n\n<p>\u00a0Gonzalo, cu\u00f1ado del actor y hermano de la modelo Mar\u00eda Susini, y su mujer fueron maniatados y golpeados por los ladrones que les exig\u00edan dinero.<\/p>\n\n\n\n<p>\u00a0El asalto se conoci\u00f3 esta semana, pero ocurri\u00f3 el jueves pasado en el establecimiento rural La Porte\u00f1a, ubicado a 115 kil\u00f3metros de la Ciudad de Buenos Aires.<\/p>\n\n\n\n<p>Fuentes policiales informaron que el hombre se resisti\u00f3 al robo y los delincuentes comenzaron a golpearlo en la cabeza, el rostro y el cuerpo, lo que le provoc\u00f3 cortes en el cuero cabelludo. Adem\u00e1s, los ladrones\u00a0golpearon a su esposa, Catalina Novia, hasta que obtuvieron dinero en efectivo y escaparon a bordo de una camioneta que pertenece a las v\u00edctimas.<\/p>\n\n\n\n<p>Alertados por un llamado al 911, efectivos de la patrulla rural llegaron a los pocos minutos a la estancia.\u00a0En tanto, el veh\u00edculo fue encontrado abandonado a metros de la ruta 41.<\/p>\n\n\n\n<p>\u00abLos asaltantes se llevaron el dinero del campo. Estamos muy agradecidos con la polic\u00eda por la inmediata reacci\u00f3n que tuvieron cuando recibieron el llamado, y a los m\u00e9dicos del hospital de San Antonio de Areco\u00bb, indic\u00f3 Arana, sobre el hecho que es investigado por el fiscal Luis Carcagno, a cargo de la Unidad Funcional de Instrucci\u00f3n (UFI) 6 del Departamento Judicial Mercedes.<\/p>\n\n\n\n<p><strong>Investigaci\u00f3n<\/strong><br>Tras conocerse el episodio delictivo, y al lograr las v\u00edctimas dar aviso a las autoridades&nbsp;policiales de la regi\u00f3n, se inici\u00f3 una investigaci\u00f3n por los delitos de \u201cRobo agravado por el&nbsp;uso de armas utilizadas en forma impropia, con armas de fuego cuya aptitud para el&nbsp;disparo no ha podido acreditarse, y por su comisi\u00f3n en despoblado y en banda y con<br>efracci\u00f3n\u201d, a instancias de la UFIJ N.\u00ba 6 a cargo del doctor Luis Carcagno.<br>Comenzaron a recopilarse diversos elementos de inter\u00e9s para la causa, y de averiguaciones&nbsp;practicadas surgieron los sospechosos.<\/p>\n\n\n\n<p>Se comenz\u00f3 a trabajar en la hip\u00f3tesis de una banda delictiva, y se estimaba que los tres&nbsp;hombres que ingresaron a la finca, contaron con el apoyo log\u00edstico de al menos dos&nbsp;personas m\u00e1s que se movilizaban en el veh\u00edculo de apoyo. As\u00ed se arrib\u00f3 a la sospecha de&nbsp;que cinco hombres \u2013 todos mayores de edad y oriundos de la localidad de San Pedro \u2013 no<br>eran ajenos al delito.<\/p>\n\n\n\n<p><strong>Allanamiento y detenci\u00f3n<\/strong><br>Recabados los elementos de inter\u00e9s y necesarios, el fiscal actuante solicit\u00f3 ante el Juzgado\u00a0de Garant\u00edas N.\u00ba 3 \u2013 a cargo del doctor Pablo Mor\u00e1n \u2013 una serie de allanamientos, y la orden\u00a0de detenci\u00f3n para al menos uno de los ahora imputados por el hecho. La misma fue\u00a0concedida y se ejecut\u00f3 en la jornada de este jueves en cinco domicilios de la localidad de San Pedro. Estuvo a cargo de los agentes Yesica Nocetti Dimitroff (secretaria de la UFIJ) y\u00a0Mat\u00edas Garc\u00eda (oficial cuarto); con la colaboraci\u00f3n de la DDI Mercedes, el GAD de Exaltaci\u00f3n\u00a0de la Cruz, y Coordinadora del CPR de la regi\u00f3n Chivilcoy.<\/p>\n\n\n\n<p> Producto de los operativos, que dieron resultado positivo, se lograron incautar elementos\u00a0vinculados al atraco y de inter\u00e9s para la investigaci\u00f3n. Se detuvo al sospechoso que se\u00a0buscaba \u2013con fuertes elementos para acreditar su participaci\u00f3n en el robo \u2013 resultando\u00a0este de 35 a\u00f1os de edad, y un segundo sujeto (de 40 a\u00f1os) fue aprehendido en la urgencia\u00a0al encontrarse serios indicios de su participaci\u00f3n en el atraco. Se logr\u00f3 secuestrar tambi\u00e9n\u00a0un autom\u00f3vil marca Peugeot, modelo 306, de color azul que habr\u00eda sido utilizado en la\u00a0comisi\u00f3n del hecho.<\/p>\n\n\n\n<p>Por el delito que se les imputa, estos dos sujetos comparecer\u00e1n ante el fiscal Luis Carcagno\u00a0en la jornada de este viernes, para prestar declaraci\u00f3n indagatoria. <\/p>\n\n\n\n<ul class=\"wp-block-gallery columns-2 is-cropped wp-block-gallery-1 is-layout-flex wp-block-gallery-is-layout-flex\"><li class=\"blocks-gallery-item\"><figure><img decoding=\"async\" width=\"600\" height=\"490\" data-attachment-id=\"55996\" data-permalink=\"https:\/\/eldiariodesanpedro.com.ar\/sitio\/detuvieron-en-la-tosquera-a-delincuentes-que-protagonizaron-un-violento-asalto-a-la-familia-del-cunado-de-facundo-arana\/elementos-que-fueron-secuestrados-a-las-personas-acusadas-600x490\/\" data-orig-file=\"https:\/\/eldiariodesanpedro.com.ar\/sitio\/wp-content\/uploads\/2019\/07\/Elementos-que-fueron-secuestrados-a-las-personas-acusadas-600x490.jpg\" data-orig-size=\"600,490\" data-comments-opened=\"1\" data-image-meta=\"{&quot;aperture&quot;:&quot;0&quot;,&quot;credit&quot;:&quot;&quot;,&quot;camera&quot;:&quot;&quot;,&quot;caption&quot;:&quot;&quot;,&quot;created_timestamp&quot;:&quot;0&quot;,&quot;copyright&quot;:&quot;&quot;,&quot;focal_length&quot;:&quot;0&quot;,&quot;iso&quot;:&quot;0&quot;,&quot;shutter_speed&quot;:&quot;0&quot;,&quot;title&quot;:&quot;&quot;,&quot;orientation&quot;:&quot;0&quot;}\" data-image-title=\"Elementos-que-fueron-secuestrados-a-las-personas-acusadas-600&amp;#215;490\" data-image-description=\"\" data-image-caption=\"\" data-large-file=\"https:\/\/eldiariodesanpedro.com.ar\/sitio\/wp-content\/uploads\/2019\/07\/Elementos-que-fueron-secuestrados-a-las-personas-acusadas-600x490.jpg\" data-src=\"https:\/\/eldiariodesanpedro.com.ar\/sitio\/wp-content\/uploads\/2019\/07\/Elementos-que-fueron-secuestrados-a-las-personas-acusadas-600x490.jpg\" alt=\"\" data-id=\"55996\" data-link=\"https:\/\/eldiariodesanpedro.com.ar\/sitio\/?attachment_id=55996\" class=\"wp-image-55996 lazyload\" data-srcset=\"https:\/\/eldiariodesanpedro.com.ar\/sitio\/wp-content\/uploads\/2019\/07\/Elementos-que-fueron-secuestrados-a-las-personas-acusadas-600x490.jpg 600w, https:\/\/eldiariodesanpedro.com.ar\/sitio\/wp-content\/uploads\/2019\/07\/Elementos-que-fueron-secuestrados-a-las-personas-acusadas-600x490-300x245.jpg 300w\" data-sizes=\"(max-width: 600px) 100vw, 600px\" src=\"data:image\/svg+xml;base64,PHN2ZyB3aWR0aD0iMSIgaGVpZ2h0PSIxIiB4bWxucz0iaHR0cDovL3d3dy53My5vcmcvMjAwMC9zdmciPjwvc3ZnPg==\" style=\"--smush-placeholder-width: 600px; --smush-placeholder-aspect-ratio: 600\/490;\" \/><\/figure><\/li><li class=\"blocks-gallery-item\"><figure><img decoding=\"async\" width=\"600\" height=\"370\" data-attachment-id=\"55997\" data-permalink=\"https:\/\/eldiariodesanpedro.com.ar\/sitio\/detuvieron-en-la-tosquera-a-delincuentes-que-protagonizaron-un-violento-asalto-a-la-familia-del-cunado-de-facundo-arana\/vehiculo-que-se-habria-utilizado-en-en-el-robo-600x370\/\" data-orig-file=\"https:\/\/eldiariodesanpedro.com.ar\/sitio\/wp-content\/uploads\/2019\/07\/Vehiculo-que-se-habria-utilizado-en-en-el-robo-600x370.jpg\" data-orig-size=\"600,370\" data-comments-opened=\"1\" data-image-meta=\"{&quot;aperture&quot;:&quot;0&quot;,&quot;credit&quot;:&quot;&quot;,&quot;camera&quot;:&quot;&quot;,&quot;caption&quot;:&quot;&quot;,&quot;created_timestamp&quot;:&quot;0&quot;,&quot;copyright&quot;:&quot;&quot;,&quot;focal_length&quot;:&quot;0&quot;,&quot;iso&quot;:&quot;0&quot;,&quot;shutter_speed&quot;:&quot;0&quot;,&quot;title&quot;:&quot;&quot;,&quot;orientation&quot;:&quot;0&quot;}\" data-image-title=\"Vehiculo-que-se-habria-utilizado-en-en-el-robo-600&amp;#215;370\" data-image-description=\"\" data-image-caption=\"\" data-large-file=\"https:\/\/eldiariodesanpedro.com.ar\/sitio\/wp-content\/uploads\/2019\/07\/Vehiculo-que-se-habria-utilizado-en-en-el-robo-600x370.jpg\" data-src=\"https:\/\/eldiariodesanpedro.com.ar\/sitio\/wp-content\/uploads\/2019\/07\/Vehiculo-que-se-habria-utilizado-en-en-el-robo-600x370.jpg\" alt=\"\" data-id=\"55997\" data-link=\"https:\/\/eldiariodesanpedro.com.ar\/sitio\/?attachment_id=55997\" class=\"wp-image-55997 lazyload\" data-srcset=\"https:\/\/eldiariodesanpedro.com.ar\/sitio\/wp-content\/uploads\/2019\/07\/Vehiculo-que-se-habria-utilizado-en-en-el-robo-600x370.jpg 600w, https:\/\/eldiariodesanpedro.com.ar\/sitio\/wp-content\/uploads\/2019\/07\/Vehiculo-que-se-habria-utilizado-en-en-el-robo-600x370-300x185.jpg 300w\" data-sizes=\"(max-width: 600px) 100vw, 600px\" src=\"data:image\/svg+xml;base64,PHN2ZyB3aWR0aD0iMSIgaGVpZ2h0PSIxIiB4bWxucz0iaHR0cDovL3d3dy53My5vcmcvMjAwMC9zdmciPjwvc3ZnPg==\" style=\"--smush-placeholder-width: 600px; --smush-placeholder-aspect-ratio: 600\/370;\" \/><\/figure><\/li><\/ul>\n\n\n\n<p>Fuente e im\u00e1genes El Regional Digital<\/p>\n","protected":false},"excerpt":{"rendered":"<p>El aberrante hecho sucedi\u00f3 el 14 de mayo en una estancia de San Antonio de Areco \u201cLa Porte\u00f1a\u201d ubicada en dicho partido de la provincia de Buenos Aires. El actor Facundo Arana cont\u00f3 lo sucedido a los medios de comunicacion horas despu\u00e9s. Tres delincuentes les robaron a sus cu\u00f1ados tras golpearlos delante de sus hijos [&hellip;]<\/p>\n","protected":false},"author":4,"featured_media":55765,"comment_status":"open","ping_status":"closed","sticky":false,"template":"","format":"standard","meta":{"om_disable_all_campaigns":false,"_jetpack_memberships_contains_paid_content":false,"footnotes":""},"categories":[50,2,103],"tags":[],"class_list":["post-55971","post","type-post","status-publish","format-standard","has-post-thumbnail","hentry","category-destacadas","category-locales","category-policiales-locales"],"aioseo_notices":[],"gutentor_comment":0,"jetpack_featured_media_url":"https:\/\/eldiariodesanpedro.com.ar\/sitio\/wp-content\/uploads\/2019\/07\/IMG_20190706_123916295.jpg","jetpack_shortlink":"https:\/\/wp.me\/p6RhLt-eyL","jetpack_sharing_enabled":true,"_links":{"self":[{"href":"https:\/\/eldiariodesanpedro.com.ar\/sitio\/wp-json\/wp\/v2\/posts\/55971","targetHints":{"allow":["GET"]}}],"collection":[{"href":"https:\/\/eldiariodesanpedro.com.ar\/sitio\/wp-json\/wp\/v2\/posts"}],"about":[{"href":"https:\/\/eldiariodesanpedro.com.ar\/sitio\/wp-json\/wp\/v2\/types\/post"}],"author":[{"embeddable":true,"href":"https:\/\/eldiariodesanpedro.com.ar\/sitio\/wp-json\/wp\/v2\/users\/4"}],"replies":[{"embeddable":true,"href":"https:\/\/eldiariodesanpedro.com.ar\/sitio\/wp-json\/wp\/v2\/comments?post=55971"}],"version-history":[{"count":1,"href":"https:\/\/eldiariodesanpedro.com.ar\/sitio\/wp-json\/wp\/v2\/posts\/55971\/revisions"}],"predecessor-version":[{"id":55999,"href":"https:\/\/eldiariodesanpedro.com.ar\/sitio\/wp-json\/wp\/v2\/posts\/55971\/revisions\/55999"}],"wp:featuredmedia":[{"embeddable":true,"href":"https:\/\/eldiariodesanpedro.com.ar\/sitio\/wp-json\/wp\/v2\/media\/55765"}],"wp:attachment":[{"href":"https:\/\/eldiariodesanpedro.com.ar\/sitio\/wp-json\/wp\/v2\/media?parent=55971"}],"wp:term":[{"taxonomy":"category","embeddable":true,"href":"https:\/\/eldiariodesanpedro.com.ar\/sitio\/wp-json\/wp\/v2\/categories?post=55971"},{"taxonomy":"post_tag","embeddable":true,"href":"https:\/\/eldiariodesanpedro.com.ar\/sitio\/wp-json\/wp\/v2\/tags?post=55971"}],"curies":[{"name":"wp","href":"https:\/\/api.w.org\/{rel}","templated":true}]}}