{"id":55969,"date":"2019-07-12T09:43:16","date_gmt":"2019-07-12T12:43:16","guid":{"rendered":"https:\/\/eldiariodesanpedro.com.ar\/sitio\/?p=55969"},"modified":"2019-07-12T09:43:20","modified_gmt":"2019-07-12T12:43:20","slug":"aprehendidos-por-tenencia-de-marihuana-y-paradero-activo","status":"publish","type":"post","link":"https:\/\/eldiariodesanpedro.com.ar\/sitio\/aprehendidos-por-tenencia-de-marihuana-y-paradero-activo\/","title":{"rendered":"Aprehendidos por tenencia de marihuana y paradero activo"},"content":{"rendered":"<!-- VideographyWP Plugin Message: Automatic video embedding prevented by plugin options. -->\n\n<p>Tras los operativos de saturacion que se vienen realizando d\u00eda tras d\u00edas hubo tres aprehendidos este jueves,  con sustancia de marihuana en su poder y por poseer pedido de paradero activo.<\/p>\n\n\n\n<p>Por la noche, en interseccion de las calles Libertad y Jose Hernandez se aprehendio a un sujeto de 24 a\u00f1os de edad a quien se le secuestro cigarrillos armados tipo casero de marihuana, denominado \u00abfaso\u00bb, tambi\u00e9n en Cruz Roja y Saavedra, un adolescente de 17 fue aprehendido por poseer un envoltorio de la misma sustancia entre sus ropas.<\/p>\n\n\n\n<p>Ambos fueron alojados en la dependencia notificandoles del delito y posterior libertad. <\/p>\n\n\n\n<p>Luego sobre Ruta 9 km 179 acceso a Gobernador Castro, personal del destacamento de la localidad procedi\u00f3 a la aprehensi\u00f3n de un ciudadano de 52, quien luego de su identificaci\u00f3n en el sistema inform\u00e1tico policial registraba pedido de paradero activo a requerimiento del Juzgado Comercial y Civil N\u00ba5, Departamento Judicial de San Nicolas. Luego de consultar con magistrado por sus recaudos legales fue liberado. <\/p>\n","protected":false},"excerpt":{"rendered":"<p>Tras los operativos de saturacion que se vienen realizando d\u00eda tras d\u00edas hubo tres aprehendidos este jueves, con sustancia de marihuana en su poder y por poseer pedido de paradero activo. Por la noche, en interseccion de las calles Libertad y Jose Hernandez se aprehendio a un sujeto de 24 a\u00f1os de edad a quien [&hellip;]<\/p>\n","protected":false},"author":4,"featured_media":47887,"comment_status":"open","ping_status":"closed","sticky":false,"template":"","format":"standard","meta":{"om_disable_all_campaigns":false,"_jetpack_memberships_contains_paid_content":false,"footnotes":""},"categories":[2,103],"tags":[],"class_list":["post-55969","post","type-post","status-publish","format-standard","has-post-thumbnail","hentry","category-locales","category-policiales-locales"],"aioseo_notices":[],"gutentor_comment":0,"jetpack_featured_media_url":"https:\/\/eldiariodesanpedro.com.ar\/sitio\/wp-content\/uploads\/2019\/02\/patrullero-policia_5.jpg","jetpack_shortlink":"https:\/\/wp.me\/p6RhLt-eyJ","jetpack_sharing_enabled":true,"_links":{"self":[{"href":"https:\/\/eldiariodesanpedro.com.ar\/sitio\/wp-json\/wp\/v2\/posts\/55969","targetHints":{"allow":["GET"]}}],"collection":[{"href":"https:\/\/eldiariodesanpedro.com.ar\/sitio\/wp-json\/wp\/v2\/posts"}],"about":[{"href":"https:\/\/eldiariodesanpedro.com.ar\/sitio\/wp-json\/wp\/v2\/types\/post"}],"author":[{"embeddable":true,"href":"https:\/\/eldiariodesanpedro.com.ar\/sitio\/wp-json\/wp\/v2\/users\/4"}],"replies":[{"embeddable":true,"href":"https:\/\/eldiariodesanpedro.com.ar\/sitio\/wp-json\/wp\/v2\/comments?post=55969"}],"version-history":[{"count":1,"href":"https:\/\/eldiariodesanpedro.com.ar\/sitio\/wp-json\/wp\/v2\/posts\/55969\/revisions"}],"predecessor-version":[{"id":55970,"href":"https:\/\/eldiariodesanpedro.com.ar\/sitio\/wp-json\/wp\/v2\/posts\/55969\/revisions\/55970"}],"wp:featuredmedia":[{"embeddable":true,"href":"https:\/\/eldiariodesanpedro.com.ar\/sitio\/wp-json\/wp\/v2\/media\/47887"}],"wp:attachment":[{"href":"https:\/\/eldiariodesanpedro.com.ar\/sitio\/wp-json\/wp\/v2\/media?parent=55969"}],"wp:term":[{"taxonomy":"category","embeddable":true,"href":"https:\/\/eldiariodesanpedro.com.ar\/sitio\/wp-json\/wp\/v2\/categories?post=55969"},{"taxonomy":"post_tag","embeddable":true,"href":"https:\/\/eldiariodesanpedro.com.ar\/sitio\/wp-json\/wp\/v2\/tags?post=55969"}],"curies":[{"name":"wp","href":"https:\/\/api.w.org\/{rel}","templated":true}]}}