{"id":55966,"date":"2019-07-12T08:54:54","date_gmt":"2019-07-12T11:54:54","guid":{"rendered":"https:\/\/eldiariodesanpedro.com.ar\/sitio\/?p=55966"},"modified":"2019-07-12T09:14:03","modified_gmt":"2019-07-12T12:14:03","slug":"se-produjo-un-robo-a-mano-armada-en-un-autoservicio","status":"publish","type":"post","link":"https:\/\/eldiariodesanpedro.com.ar\/sitio\/se-produjo-un-robo-a-mano-armada-en-un-autoservicio\/","title":{"rendered":"Se produjo un robo a mano armada en un autoservicio"},"content":{"rendered":"<!-- VideographyWP Plugin Message: Automatic video embedding prevented by plugin options. -->\n\n<p>El evento  sucedi\u00f3 por la noche del jueves, delincuentes ingresaron y amedrentaron a clientes y personal que se encontraban trabajando. Luego del hecho consumado se dan a la fuga r\u00e1pidamente.<\/p>\n\n\n\n<p>El autoservicio ser\u00eda uno de los conocidos como Pino, ubicado en 11 de Septiembre y Nieto de Torres.<\/p>\n\n\n\n<p>All\u00ed  ingresaron tres malvivientes, alrededor de las 22 horas y a punta de pistola lograron llevarse todo lo recaudado de dinero en efectivo, un CPU y varios celulares.<\/p>\n\n\n\n<p>El hecho est\u00e1 siendo investigado con la intervenci\u00f3n de DDI y la fiscalia en turno.<\/p>\n","protected":false},"excerpt":{"rendered":"<p>El evento sucedi\u00f3 por la noche del jueves, delincuentes ingresaron y amedrentaron a clientes y personal que se encontraban trabajando. Luego del hecho consumado se dan a la fuga r\u00e1pidamente. El autoservicio ser\u00eda uno de los conocidos como Pino, ubicado en 11 de Septiembre y Nieto de Torres. All\u00ed ingresaron tres malvivientes, alrededor de las [&hellip;]<\/p>\n","protected":false},"author":4,"featured_media":12674,"comment_status":"open","ping_status":"closed","sticky":false,"template":"","format":"standard","meta":{"om_disable_all_campaigns":false,"_jetpack_memberships_contains_paid_content":false,"footnotes":""},"categories":[50,2,103],"tags":[],"class_list":["post-55966","post","type-post","status-publish","format-standard","has-post-thumbnail","hentry","category-destacadas","category-locales","category-policiales-locales"],"aioseo_notices":[],"gutentor_comment":0,"jetpack_featured_media_url":"https:\/\/eldiariodesanpedro.com.ar\/sitio\/wp-content\/uploads\/2017\/01\/asalto.jpg","jetpack_shortlink":"https:\/\/wp.me\/p6RhLt-eyG","jetpack_sharing_enabled":true,"_links":{"self":[{"href":"https:\/\/eldiariodesanpedro.com.ar\/sitio\/wp-json\/wp\/v2\/posts\/55966","targetHints":{"allow":["GET"]}}],"collection":[{"href":"https:\/\/eldiariodesanpedro.com.ar\/sitio\/wp-json\/wp\/v2\/posts"}],"about":[{"href":"https:\/\/eldiariodesanpedro.com.ar\/sitio\/wp-json\/wp\/v2\/types\/post"}],"author":[{"embeddable":true,"href":"https:\/\/eldiariodesanpedro.com.ar\/sitio\/wp-json\/wp\/v2\/users\/4"}],"replies":[{"embeddable":true,"href":"https:\/\/eldiariodesanpedro.com.ar\/sitio\/wp-json\/wp\/v2\/comments?post=55966"}],"version-history":[{"count":2,"href":"https:\/\/eldiariodesanpedro.com.ar\/sitio\/wp-json\/wp\/v2\/posts\/55966\/revisions"}],"predecessor-version":[{"id":55968,"href":"https:\/\/eldiariodesanpedro.com.ar\/sitio\/wp-json\/wp\/v2\/posts\/55966\/revisions\/55968"}],"wp:featuredmedia":[{"embeddable":true,"href":"https:\/\/eldiariodesanpedro.com.ar\/sitio\/wp-json\/wp\/v2\/media\/12674"}],"wp:attachment":[{"href":"https:\/\/eldiariodesanpedro.com.ar\/sitio\/wp-json\/wp\/v2\/media?parent=55966"}],"wp:term":[{"taxonomy":"category","embeddable":true,"href":"https:\/\/eldiariodesanpedro.com.ar\/sitio\/wp-json\/wp\/v2\/categories?post=55966"},{"taxonomy":"post_tag","embeddable":true,"href":"https:\/\/eldiariodesanpedro.com.ar\/sitio\/wp-json\/wp\/v2\/tags?post=55966"}],"curies":[{"name":"wp","href":"https:\/\/api.w.org\/{rel}","templated":true}]}}