{"id":55961,"date":"2019-07-11T19:26:15","date_gmt":"2019-07-11T22:26:15","guid":{"rendered":"https:\/\/eldiariodesanpedro.com.ar\/sitio\/?p=55961"},"modified":"2019-07-11T19:26:19","modified_gmt":"2019-07-11T22:26:19","slug":"charla-abierta-sobre-cefaleas","status":"publish","type":"post","link":"https:\/\/eldiariodesanpedro.com.ar\/sitio\/charla-abierta-sobre-cefaleas\/","title":{"rendered":"Charla abierta sobre Cefaleas"},"content":{"rendered":"<!-- VideographyWP Plugin Message: Automatic video embedding prevented by plugin options. -->\n\n<p>La nueva charla se realiza a las 20 horas este viernes 12 de julio, sera abierta y gratuita a cargo del Dr. Ivan Gonzalez.<\/p>\n\n\n\n<p>La jornada en el Hospital Privado Sadiv incluir\u00e1 detalles sobre la clasificaci\u00f3n (primaria y secundaria) de las cefaleas, s\u00edntomas y signos de alarma, migra\u00f1as y tratamientos no farmacol\u00f3gicos. Tambi\u00e9n se abordar\u00e1n aspectos como la cefalea tensional y estudios complementarios.<\/p>\n\n\n\n<p>La cefalea o dolor de cabeza representa una de las formas m\u00e1s comunes de dolor en la raza humana. Generalmente el dolor de cabeza se presenta de forma intermitente. Las formas m\u00e1s frecuentes corresponden a la migra\u00f1a o jaqueca y a la cefalea de tensi\u00f3n.<\/p>\n\n\n\n<p>Tanto las cefaleas cr\u00f3nicas como las recidivantes pueden provocar dolor y angustia, pero es infrecuente que reflejen un problema grave de salud. Sin embargo, cualquier cambio en el patr\u00f3n o la naturaleza del dolor de cabeza podr\u00eda ser el s\u00edntoma de un problema grave (por ejemplo, un dolor que era espor\u00e1dico cambie a frecuente, o de leve a agudo), y por este motivo se deber\u00eda solicitar la asistencia m\u00e9dica lo antes posible.<\/p>\n","protected":false},"excerpt":{"rendered":"<p>La nueva charla se realiza a las 20 horas este viernes 12 de julio, sera abierta y gratuita a cargo del Dr. Ivan Gonzalez. La jornada en el Hospital Privado Sadiv incluir\u00e1 detalles sobre la clasificaci\u00f3n (primaria y secundaria) de las cefaleas, s\u00edntomas y signos de alarma, migra\u00f1as y tratamientos no farmacol\u00f3gicos. Tambi\u00e9n se abordar\u00e1n [&hellip;]<\/p>\n","protected":false},"author":4,"featured_media":55962,"comment_status":"open","ping_status":"closed","sticky":false,"template":"","format":"standard","meta":{"om_disable_all_campaigns":false,"_jetpack_memberships_contains_paid_content":false,"footnotes":""},"categories":[101,2],"tags":[],"class_list":["post-55961","post","type-post","status-publish","format-standard","has-post-thumbnail","hentry","category-interes-general-locales","category-locales"],"aioseo_notices":[],"gutentor_comment":0,"jetpack_featured_media_url":"https:\/\/eldiariodesanpedro.com.ar\/sitio\/wp-content\/uploads\/2019\/07\/Flyer-Cefalea.jpg","jetpack_shortlink":"https:\/\/wp.me\/p6RhLt-eyB","jetpack_sharing_enabled":true,"_links":{"self":[{"href":"https:\/\/eldiariodesanpedro.com.ar\/sitio\/wp-json\/wp\/v2\/posts\/55961","targetHints":{"allow":["GET"]}}],"collection":[{"href":"https:\/\/eldiariodesanpedro.com.ar\/sitio\/wp-json\/wp\/v2\/posts"}],"about":[{"href":"https:\/\/eldiariodesanpedro.com.ar\/sitio\/wp-json\/wp\/v2\/types\/post"}],"author":[{"embeddable":true,"href":"https:\/\/eldiariodesanpedro.com.ar\/sitio\/wp-json\/wp\/v2\/users\/4"}],"replies":[{"embeddable":true,"href":"https:\/\/eldiariodesanpedro.com.ar\/sitio\/wp-json\/wp\/v2\/comments?post=55961"}],"version-history":[{"count":1,"href":"https:\/\/eldiariodesanpedro.com.ar\/sitio\/wp-json\/wp\/v2\/posts\/55961\/revisions"}],"predecessor-version":[{"id":55963,"href":"https:\/\/eldiariodesanpedro.com.ar\/sitio\/wp-json\/wp\/v2\/posts\/55961\/revisions\/55963"}],"wp:featuredmedia":[{"embeddable":true,"href":"https:\/\/eldiariodesanpedro.com.ar\/sitio\/wp-json\/wp\/v2\/media\/55962"}],"wp:attachment":[{"href":"https:\/\/eldiariodesanpedro.com.ar\/sitio\/wp-json\/wp\/v2\/media?parent=55961"}],"wp:term":[{"taxonomy":"category","embeddable":true,"href":"https:\/\/eldiariodesanpedro.com.ar\/sitio\/wp-json\/wp\/v2\/categories?post=55961"},{"taxonomy":"post_tag","embeddable":true,"href":"https:\/\/eldiariodesanpedro.com.ar\/sitio\/wp-json\/wp\/v2\/tags?post=55961"}],"curies":[{"name":"wp","href":"https:\/\/api.w.org\/{rel}","templated":true}]}}