{"id":55957,"date":"2019-07-11T18:28:41","date_gmt":"2019-07-11T21:28:41","guid":{"rendered":"https:\/\/eldiariodesanpedro.com.ar\/sitio\/?p=55957"},"modified":"2019-07-11T18:28:46","modified_gmt":"2019-07-11T21:28:46","slug":"el-policia-acusado-de-violar-y-secuestrar-a-una-mujer-dijo-es-todo-mentira-teniamos-una-relacion","status":"publish","type":"post","link":"https:\/\/eldiariodesanpedro.com.ar\/sitio\/el-policia-acusado-de-violar-y-secuestrar-a-una-mujer-dijo-es-todo-mentira-teniamos-una-relacion\/","title":{"rendered":"El polic\u00eda acusado de violar y secuestrar a una mujer dijo, \u00abes todo mentira, ten\u00edamos una relaci\u00f3n\u00bb"},"content":{"rendered":"<!-- VideographyWP Plugin Message: Automatic video embedding prevented by plugin options. -->\n\n<p>Luego de la denuncia radicada en la Comisar\u00eda de la Mujer y de haber sido de p\u00fablico conocimiento, el acusado di\u00e1logo con nuestra redacci\u00f3n  y cont\u00f3 su versi\u00f3n del hecho afirmando que tiene pruebas y testigos de la relaci\u00f3n amorosa que manten\u00eda con la denunciante.<\/p>\n\n\n\n<p>El jueves 4 de julio, personal de Prefectura allan\u00f3 la propiedad del efectivo policial sita en Romulo  Na\u00f3n al 1300 en el marco de una causa por abuso sexual y agresiones f\u00edsicas investigado por la UFI N\u00ba8 de Baradero denunciada por una mujer uruguaya que llego a nuestra ciudad el 18 de junio del corriente a\u00f1o.<\/p>\n\n\n\n<p>La denunciante afirma haber sido secuestrada y violada por el sujeto a quien so\u00f1\u00f3 conocer luego de una relaci\u00f3n de meses por una red social, donde al llegar a nuestra ciudad se convirti\u00f3 en un verdadero sufrimiento.<\/p>\n\n\n\n<p>El acusado di\u00e1logo con nuestra redacci\u00f3n y cont\u00f3 su versi\u00f3n de la relaci\u00f3n que manten\u00eda con la mujer uruguaya y que espera la intervenci\u00f3n de la justicia, \u00abella abri\u00f3 la puerta y se fue por su propio medio y nada m\u00e1s, o sea no sali\u00f3 corriendo y todo lo que dijo en otro medio y declaro,  eso no es verdad\u00bb<\/p>\n\n\n\n<p>\u00abElla vino a visitarme y se quiso quedar, tengo testigos que la llevaba conmigo adem\u00e1s cuando tocaba en la banda de folklore con la que participo desde hace mucho tiempo, soy musico, ella me acompa\u00f1aba, como si la tengo secuestrada voy hacer eso, ademas tengo audios que manten\u00eda conversaciones con mi vieja, que le dec\u00eda que iba al chino, tengo muchas pruebas\u00bb<\/p>\n\n\n\n<p>\u00abYo quer\u00eda que se valla antes porque seg\u00fan esta persona es medica, y mi mama es enfermera de hace a\u00f1os y a\u00f1os, y la verdad que mucho no le cre\u00eda, no se si lo hizo por despecho, pero no es verdad todo lo que cuenta y estoy rastreando todas las c\u00e1maras de todo los lugares donde estuvimos, y si fuera cierto! estar\u00eda preso\u00bb, culmin\u00f3.<\/p>\n\n\n\n<p> <\/p>\n","protected":false},"excerpt":{"rendered":"<p>Luego de la denuncia radicada en la Comisar\u00eda de la Mujer y de haber sido de p\u00fablico conocimiento, el acusado di\u00e1logo con nuestra redacci\u00f3n y cont\u00f3 su versi\u00f3n del hecho afirmando que tiene pruebas y testigos de la relaci\u00f3n amorosa que manten\u00eda con la denunciante. El jueves 4 de julio, personal de Prefectura allan\u00f3 la [&hellip;]<\/p>\n","protected":false},"author":4,"featured_media":55959,"comment_status":"open","ping_status":"closed","sticky":false,"template":"","format":"standard","meta":{"om_disable_all_campaigns":false,"_jetpack_memberships_contains_paid_content":false,"footnotes":""},"categories":[50,2,103],"tags":[],"class_list":["post-55957","post","type-post","status-publish","format-standard","has-post-thumbnail","hentry","category-destacadas","category-locales","category-policiales-locales"],"aioseo_notices":[],"gutentor_comment":0,"jetpack_featured_media_url":"https:\/\/eldiariodesanpedro.com.ar\/sitio\/wp-content\/uploads\/2019\/07\/arton96642.jpg","jetpack_shortlink":"https:\/\/wp.me\/p6RhLt-eyx","jetpack_sharing_enabled":true,"_links":{"self":[{"href":"https:\/\/eldiariodesanpedro.com.ar\/sitio\/wp-json\/wp\/v2\/posts\/55957","targetHints":{"allow":["GET"]}}],"collection":[{"href":"https:\/\/eldiariodesanpedro.com.ar\/sitio\/wp-json\/wp\/v2\/posts"}],"about":[{"href":"https:\/\/eldiariodesanpedro.com.ar\/sitio\/wp-json\/wp\/v2\/types\/post"}],"author":[{"embeddable":true,"href":"https:\/\/eldiariodesanpedro.com.ar\/sitio\/wp-json\/wp\/v2\/users\/4"}],"replies":[{"embeddable":true,"href":"https:\/\/eldiariodesanpedro.com.ar\/sitio\/wp-json\/wp\/v2\/comments?post=55957"}],"version-history":[{"count":1,"href":"https:\/\/eldiariodesanpedro.com.ar\/sitio\/wp-json\/wp\/v2\/posts\/55957\/revisions"}],"predecessor-version":[{"id":55960,"href":"https:\/\/eldiariodesanpedro.com.ar\/sitio\/wp-json\/wp\/v2\/posts\/55957\/revisions\/55960"}],"wp:featuredmedia":[{"embeddable":true,"href":"https:\/\/eldiariodesanpedro.com.ar\/sitio\/wp-json\/wp\/v2\/media\/55959"}],"wp:attachment":[{"href":"https:\/\/eldiariodesanpedro.com.ar\/sitio\/wp-json\/wp\/v2\/media?parent=55957"}],"wp:term":[{"taxonomy":"category","embeddable":true,"href":"https:\/\/eldiariodesanpedro.com.ar\/sitio\/wp-json\/wp\/v2\/categories?post=55957"},{"taxonomy":"post_tag","embeddable":true,"href":"https:\/\/eldiariodesanpedro.com.ar\/sitio\/wp-json\/wp\/v2\/tags?post=55957"}],"curies":[{"name":"wp","href":"https:\/\/api.w.org\/{rel}","templated":true}]}}