{"id":55955,"date":"2019-07-11T17:07:33","date_gmt":"2019-07-11T20:07:33","guid":{"rendered":"https:\/\/eldiariodesanpedro.com.ar\/sitio\/?p=55955"},"modified":"2019-07-11T17:07:37","modified_gmt":"2019-07-11T20:07:37","slug":"una-mujer-uruguaya-denuncio-ser-violada-y-secuestrada-por-un-policia-de-la-bonaerense","status":"publish","type":"post","link":"https:\/\/eldiariodesanpedro.com.ar\/sitio\/una-mujer-uruguaya-denuncio-ser-violada-y-secuestrada-por-un-policia-de-la-bonaerense\/","title":{"rendered":"Una mujer uruguaya denunci\u00f3 ser violada y secuestrada por un polic\u00eda de la bonaerense"},"content":{"rendered":"<!-- VideographyWP Plugin Message: Automatic video embedding prevented by plugin options. -->\n\n<p>La mujer de 38 a\u00f1os de edad lleg\u00f3 a San Pedro d\u00edas atr\u00e1s supuestamente  tras conocer por una red social al efectivo. Algo pas\u00f3 luego que termina escapando del domicilio presuntamente golpeada y violada seg\u00fan lo radico en la comisar\u00eda de la mujer <\/p>\n\n\n\n<p>En la denuncia la v\u00edctima afirma haber conocido al polic\u00eda hace meses atr\u00e1s hasta que decide finalmente conocerlo en persona, por eso viaja hacia nuestra ciudad.<\/p>\n\n\n\n<p>El 18 de junio fue cuando se desencadena el hecho, quien de acuerdo a lo que denunci\u00f3, estuvo retenida en la casa del acusado, una vez que pudo escapar, fue reiteradamente golpeada y abusada sexualmente.<\/p>\n\n\n\n<p>Al momento que emprende el escape el presunto agresor se estaba ba\u00f1ando y ella pudo obtener las llaves de la vivienda, sita en R\u00f3mulo Naon y escapar, con la ayuda de un vecino llega hasta la Comisaria de la Mujer a radicar la denuncia.<\/p>\n\n\n\n<p>All\u00ed  la derivaron para recibir contenci\u00f3n a la Secretar\u00eda de Desarrollo Humano. <\/p>\n\n\n\n<p>Finalmente, pudo refugiarse en la vivienda de un familiar argentino hasta llegar a Uruguay, desde donde reclama que la Justicia active la causa.\u00a0<\/p>\n\n\n\n<p>El mismo d\u00eda que se estaban iniciando allanamientos por el violento asalto a la familia de Alsogaray, la casa del efectivo tambi\u00e9n fue allanada por Prefectura Naval buscando elementos probatorios.<\/p>\n\n\n\n<p>Por ahora el acusado no fue detenido quien en su red social de Facebook realiz\u00f3 un descargo contando otra versi\u00f3n de lo sucedido y afirmando que son todas mentiras las declaraciones de la mujer y que est\u00e1 a disposici\u00f3n de la justicia .<\/p>\n","protected":false},"excerpt":{"rendered":"<p>La mujer de 38 a\u00f1os de edad lleg\u00f3 a San Pedro d\u00edas atr\u00e1s supuestamente tras conocer por una red social al efectivo. Algo pas\u00f3 luego que termina escapando del domicilio presuntamente golpeada y violada seg\u00fan lo radico en la comisar\u00eda de la mujer En la denuncia la v\u00edctima afirma haber conocido al polic\u00eda hace meses [&hellip;]<\/p>\n","protected":false},"author":4,"featured_media":37618,"comment_status":"open","ping_status":"closed","sticky":false,"template":"","format":"standard","meta":{"om_disable_all_campaigns":false,"_jetpack_memberships_contains_paid_content":false,"footnotes":""},"categories":[2,103],"tags":[],"class_list":["post-55955","post","type-post","status-publish","format-standard","has-post-thumbnail","hentry","category-locales","category-policiales-locales"],"aioseo_notices":[],"gutentor_comment":0,"jetpack_featured_media_url":"https:\/\/eldiariodesanpedro.com.ar\/sitio\/wp-content\/uploads\/2018\/08\/violacion.jpg","jetpack_shortlink":"https:\/\/wp.me\/p6RhLt-eyv","jetpack_sharing_enabled":true,"_links":{"self":[{"href":"https:\/\/eldiariodesanpedro.com.ar\/sitio\/wp-json\/wp\/v2\/posts\/55955","targetHints":{"allow":["GET"]}}],"collection":[{"href":"https:\/\/eldiariodesanpedro.com.ar\/sitio\/wp-json\/wp\/v2\/posts"}],"about":[{"href":"https:\/\/eldiariodesanpedro.com.ar\/sitio\/wp-json\/wp\/v2\/types\/post"}],"author":[{"embeddable":true,"href":"https:\/\/eldiariodesanpedro.com.ar\/sitio\/wp-json\/wp\/v2\/users\/4"}],"replies":[{"embeddable":true,"href":"https:\/\/eldiariodesanpedro.com.ar\/sitio\/wp-json\/wp\/v2\/comments?post=55955"}],"version-history":[{"count":1,"href":"https:\/\/eldiariodesanpedro.com.ar\/sitio\/wp-json\/wp\/v2\/posts\/55955\/revisions"}],"predecessor-version":[{"id":55956,"href":"https:\/\/eldiariodesanpedro.com.ar\/sitio\/wp-json\/wp\/v2\/posts\/55955\/revisions\/55956"}],"wp:featuredmedia":[{"embeddable":true,"href":"https:\/\/eldiariodesanpedro.com.ar\/sitio\/wp-json\/wp\/v2\/media\/37618"}],"wp:attachment":[{"href":"https:\/\/eldiariodesanpedro.com.ar\/sitio\/wp-json\/wp\/v2\/media?parent=55955"}],"wp:term":[{"taxonomy":"category","embeddable":true,"href":"https:\/\/eldiariodesanpedro.com.ar\/sitio\/wp-json\/wp\/v2\/categories?post=55955"},{"taxonomy":"post_tag","embeddable":true,"href":"https:\/\/eldiariodesanpedro.com.ar\/sitio\/wp-json\/wp\/v2\/tags?post=55955"}],"curies":[{"name":"wp","href":"https:\/\/api.w.org\/{rel}","templated":true}]}}