{"id":55953,"date":"2019-07-11T12:02:17","date_gmt":"2019-07-11T15:02:17","guid":{"rendered":"https:\/\/eldiariodesanpedro.com.ar\/sitio\/?p=55953"},"modified":"2019-07-11T12:02:22","modified_gmt":"2019-07-11T15:02:22","slug":"denuncias-por-agresiones-en-la-via-publica","status":"publish","type":"post","link":"https:\/\/eldiariodesanpedro.com.ar\/sitio\/denuncias-por-agresiones-en-la-via-publica\/","title":{"rendered":"Denuncias por agresiones en la v\u00eda p\u00fablica"},"content":{"rendered":"<!-- VideographyWP Plugin Message: Automatic video embedding prevented by plugin options. -->\n\n<p>Dos casos se produjeron durante el d\u00eda mi\u00e9rcoles. Una de las v\u00edctimas de la agresi\u00f3n f\u00edsica denunciada fue asistida en el nosocomio local.<\/p>\n\n\n\n<p>El primer hecho un joven de 20 a\u00f1os de edad quien se encontraba caminando por la peatonal es agredido por varios masculinos ignorados quienes lo golpean siendo asistido luego en el Hospital local con heridas de car\u00e1cter leve.<\/p>\n\n\n\n<p>Tambi\u00e9n un ciudadano de 30, que se encontraba caminando por calle Tres de Febrero y Padre Santana es agredido por otro sujeto con quien tiene un problema de vieja data a ra\u00edz de una transacci\u00f3n comercial no satisfecha. <br><\/p>\n","protected":false},"excerpt":{"rendered":"<p>Dos casos se produjeron durante el d\u00eda mi\u00e9rcoles. Una de las v\u00edctimas de la agresi\u00f3n f\u00edsica denunciada fue asistida en el nosocomio local. El primer hecho un joven de 20 a\u00f1os de edad quien se encontraba caminando por la peatonal es agredido por varios masculinos ignorados quienes lo golpean siendo asistido luego en el Hospital [&hellip;]<\/p>\n","protected":false},"author":4,"featured_media":45394,"comment_status":"open","ping_status":"closed","sticky":false,"template":"","format":"standard","meta":{"om_disable_all_campaigns":false,"_jetpack_memberships_contains_paid_content":false,"footnotes":""},"categories":[2,103],"tags":[],"class_list":["post-55953","post","type-post","status-publish","format-standard","has-post-thumbnail","hentry","category-locales","category-policiales-locales"],"aioseo_notices":[],"gutentor_comment":0,"jetpack_featured_media_url":"https:\/\/eldiariodesanpedro.com.ar\/sitio\/wp-content\/uploads\/2019\/01\/comisaria.jpg","jetpack_shortlink":"https:\/\/wp.me\/p6RhLt-eyt","jetpack_sharing_enabled":true,"_links":{"self":[{"href":"https:\/\/eldiariodesanpedro.com.ar\/sitio\/wp-json\/wp\/v2\/posts\/55953","targetHints":{"allow":["GET"]}}],"collection":[{"href":"https:\/\/eldiariodesanpedro.com.ar\/sitio\/wp-json\/wp\/v2\/posts"}],"about":[{"href":"https:\/\/eldiariodesanpedro.com.ar\/sitio\/wp-json\/wp\/v2\/types\/post"}],"author":[{"embeddable":true,"href":"https:\/\/eldiariodesanpedro.com.ar\/sitio\/wp-json\/wp\/v2\/users\/4"}],"replies":[{"embeddable":true,"href":"https:\/\/eldiariodesanpedro.com.ar\/sitio\/wp-json\/wp\/v2\/comments?post=55953"}],"version-history":[{"count":1,"href":"https:\/\/eldiariodesanpedro.com.ar\/sitio\/wp-json\/wp\/v2\/posts\/55953\/revisions"}],"predecessor-version":[{"id":55954,"href":"https:\/\/eldiariodesanpedro.com.ar\/sitio\/wp-json\/wp\/v2\/posts\/55953\/revisions\/55954"}],"wp:featuredmedia":[{"embeddable":true,"href":"https:\/\/eldiariodesanpedro.com.ar\/sitio\/wp-json\/wp\/v2\/media\/45394"}],"wp:attachment":[{"href":"https:\/\/eldiariodesanpedro.com.ar\/sitio\/wp-json\/wp\/v2\/media?parent=55953"}],"wp:term":[{"taxonomy":"category","embeddable":true,"href":"https:\/\/eldiariodesanpedro.com.ar\/sitio\/wp-json\/wp\/v2\/categories?post=55953"},{"taxonomy":"post_tag","embeddable":true,"href":"https:\/\/eldiariodesanpedro.com.ar\/sitio\/wp-json\/wp\/v2\/tags?post=55953"}],"curies":[{"name":"wp","href":"https:\/\/api.w.org\/{rel}","templated":true}]}}