{"id":55951,"date":"2019-07-11T11:10:52","date_gmt":"2019-07-11T14:10:52","guid":{"rendered":"https:\/\/eldiariodesanpedro.com.ar\/sitio\/?p=55951"},"modified":"2019-07-11T11:10:57","modified_gmt":"2019-07-11T14:10:57","slug":"robo-una-bicicleta-y-la-dejo-abandonada-en-104-viviendas","status":"publish","type":"post","link":"https:\/\/eldiariodesanpedro.com.ar\/sitio\/robo-una-bicicleta-y-la-dejo-abandonada-en-104-viviendas\/","title":{"rendered":"Rob\u00f3 una bicicleta y la dej\u00f3 abandonada en 104 viviendas"},"content":{"rendered":"<!-- VideographyWP Plugin Message: Automatic video embedding prevented by plugin options. -->\n\n<p>Tras r\u00e1pido accionar policial, luego de ser alertados por un hecho delictivo sobre calle Pellegrini al 1900, lograron recuperar el elemento sustra\u00eddo. Se busca al delincuente autor.<\/p>\n\n\n\n<p>Sucedi\u00f3 por la tarde noche de este mi\u00e9rcoles, cuando los efectivos son alertados por un ciudadano de 25 a\u00f1os de edad, a quien le hab\u00edan sustra\u00eddo su bicicleta que dejo estacionada en la vereda de un domicilio sito en calle Pellegrini al 1900.<\/p>\n\n\n\n<p>Tras iniciar r\u00e1pida b\u00fasqueda del elemento, son alertados en pasillo del barrio 104 viviendas encontr\u00e1ndose la bicicleta recientemente sustra\u00edda abandonada en el lugar.<\/p>\n\n\n\n<p>Fue recuperada y restituida al propietario.<\/p>\n\n\n\n<p>Sigue la b\u00fasqueda del autor del hecho con intervenci\u00f3n de la Fiscalia N\u00ba5.<br><\/p>\n","protected":false},"excerpt":{"rendered":"<p>Tras r\u00e1pido accionar policial, luego de ser alertados por un hecho delictivo sobre calle Pellegrini al 1900, lograron recuperar el elemento sustra\u00eddo. Se busca al delincuente autor. Sucedi\u00f3 por la tarde noche de este mi\u00e9rcoles, cuando los efectivos son alertados por un ciudadano de 25 a\u00f1os de edad, a quien le hab\u00edan sustra\u00eddo su bicicleta [&hellip;]<\/p>\n","protected":false},"author":4,"featured_media":26677,"comment_status":"open","ping_status":"closed","sticky":false,"template":"","format":"standard","meta":{"om_disable_all_campaigns":false,"_jetpack_memberships_contains_paid_content":false,"footnotes":""},"categories":[2,103],"tags":[],"class_list":["post-55951","post","type-post","status-publish","format-standard","has-post-thumbnail","hentry","category-locales","category-policiales-locales"],"aioseo_notices":[],"gutentor_comment":0,"jetpack_featured_media_url":"https:\/\/eldiariodesanpedro.com.ar\/sitio\/wp-content\/uploads\/2017\/12\/patrullas-policia-noche.jpg","jetpack_shortlink":"https:\/\/wp.me\/p6RhLt-eyr","jetpack_sharing_enabled":true,"_links":{"self":[{"href":"https:\/\/eldiariodesanpedro.com.ar\/sitio\/wp-json\/wp\/v2\/posts\/55951","targetHints":{"allow":["GET"]}}],"collection":[{"href":"https:\/\/eldiariodesanpedro.com.ar\/sitio\/wp-json\/wp\/v2\/posts"}],"about":[{"href":"https:\/\/eldiariodesanpedro.com.ar\/sitio\/wp-json\/wp\/v2\/types\/post"}],"author":[{"embeddable":true,"href":"https:\/\/eldiariodesanpedro.com.ar\/sitio\/wp-json\/wp\/v2\/users\/4"}],"replies":[{"embeddable":true,"href":"https:\/\/eldiariodesanpedro.com.ar\/sitio\/wp-json\/wp\/v2\/comments?post=55951"}],"version-history":[{"count":1,"href":"https:\/\/eldiariodesanpedro.com.ar\/sitio\/wp-json\/wp\/v2\/posts\/55951\/revisions"}],"predecessor-version":[{"id":55952,"href":"https:\/\/eldiariodesanpedro.com.ar\/sitio\/wp-json\/wp\/v2\/posts\/55951\/revisions\/55952"}],"wp:featuredmedia":[{"embeddable":true,"href":"https:\/\/eldiariodesanpedro.com.ar\/sitio\/wp-json\/wp\/v2\/media\/26677"}],"wp:attachment":[{"href":"https:\/\/eldiariodesanpedro.com.ar\/sitio\/wp-json\/wp\/v2\/media?parent=55951"}],"wp:term":[{"taxonomy":"category","embeddable":true,"href":"https:\/\/eldiariodesanpedro.com.ar\/sitio\/wp-json\/wp\/v2\/categories?post=55951"},{"taxonomy":"post_tag","embeddable":true,"href":"https:\/\/eldiariodesanpedro.com.ar\/sitio\/wp-json\/wp\/v2\/tags?post=55951"}],"curies":[{"name":"wp","href":"https:\/\/api.w.org\/{rel}","templated":true}]}}