{"id":5595,"date":"2016-06-20T19:01:00","date_gmt":"2016-06-20T22:01:00","guid":{"rendered":"https:\/\/eldiariodesanpedro.com.ar\/sitio\/?p=5595"},"modified":"2016-06-20T19:17:16","modified_gmt":"2016-06-20T22:17:16","slug":"ramallo-novedades-por-el-asesinato-de-silvia-garcia","status":"publish","type":"post","link":"https:\/\/eldiariodesanpedro.com.ar\/sitio\/ramallo-novedades-por-el-asesinato-de-silvia-garcia\/","title":{"rendered":"Ramallo: Novedades por el asesinato de Silvia Garc\u00eda"},"content":{"rendered":"<p><!-- VideographyWP Plugin Message: Automatic video embedding prevented by plugin options. --><br \/>\nRam\u00f3n Ovejero, uno de los imputados por su crimen, solicit\u00f3 ampliar su declaraci\u00f3n y en ese marco habr\u00eda se\u00f1alado a su esposa como la mano ejecutante del hecho. Esta semana declarar\u00eda la mujer.<br \/>\nLa situaci\u00f3n de ambos es muy complicada porque ya estar\u00eda comprobado que tuvieron alg\u00fan grado de participaci\u00f3n en el asesinato de la mujer. La hip\u00f3tesis m\u00e1s firme desde un primer momento gir\u00f3 en torno al \u201cCrimen pasional\u201d, pero se ten\u00eda que seguir investigando para poder confirmar qui\u00e9n fue la mano ejecutora del hecho.<br \/>\nEl detenido solicit\u00f3 ampliar su declaraci\u00f3n a principios de este mes y en el transcurso de esta semana se present\u00f3 a hacerlo ante el Fiscal, Dr. Dar\u00edo Giannorio. No existe informaci\u00f3n oficial sobre los dichos o nuevos datos que habr\u00eda aportado este hombre, pero se conoci\u00f3 que habr\u00eda apuntado directamente sobre su esposa, Mariel Zamora.<br \/>\nEl motivo del crimen habr\u00eda sido una relaci\u00f3n amorosa que manten\u00edan el hombre con la v\u00edctima, y de la cual habr\u00eda tomado conocimiento la esposa.<br \/>\nLos integrantes del matrimonio eran propietarios de la verduler\u00eda donde trabajaba Silvia Garc\u00eda, donde fue asesinada, y en cuya c\u00e1mara se hall\u00f3 el cad\u00e1ver.<\/p>\n","protected":false},"excerpt":{"rendered":"<p>Ram\u00f3n Ovejero, uno de los imputados por su crimen, solicit\u00f3 ampliar su declaraci\u00f3n y en ese marco habr\u00eda se\u00f1alado a su esposa como la mano ejecutante del hecho. Esta semana declarar\u00eda la mujer. La situaci\u00f3n de ambos es muy complicada porque ya estar\u00eda comprobado que tuvieron alg\u00fan grado de participaci\u00f3n en el asesinato de la [&hellip;]<\/p>\n","protected":false},"author":4,"featured_media":5605,"comment_status":"open","ping_status":"closed","sticky":false,"template":"","format":"standard","meta":{"om_disable_all_campaigns":false,"_jetpack_memberships_contains_paid_content":false,"footnotes":""},"categories":[50,2,103],"tags":[],"class_list":["post-5595","post","type-post","status-publish","format-standard","has-post-thumbnail","hentry","category-destacadas","category-locales","category-policiales-locales"],"aioseo_notices":[],"gutentor_comment":0,"jetpack_featured_media_url":"https:\/\/eldiariodesanpedro.com.ar\/sitio\/wp-content\/uploads\/2016\/06\/silvia-garcia-verduleria-1.jpg","jetpack_shortlink":"https:\/\/wp.me\/p6RhLt-1sf","jetpack_sharing_enabled":true,"_links":{"self":[{"href":"https:\/\/eldiariodesanpedro.com.ar\/sitio\/wp-json\/wp\/v2\/posts\/5595","targetHints":{"allow":["GET"]}}],"collection":[{"href":"https:\/\/eldiariodesanpedro.com.ar\/sitio\/wp-json\/wp\/v2\/posts"}],"about":[{"href":"https:\/\/eldiariodesanpedro.com.ar\/sitio\/wp-json\/wp\/v2\/types\/post"}],"author":[{"embeddable":true,"href":"https:\/\/eldiariodesanpedro.com.ar\/sitio\/wp-json\/wp\/v2\/users\/4"}],"replies":[{"embeddable":true,"href":"https:\/\/eldiariodesanpedro.com.ar\/sitio\/wp-json\/wp\/v2\/comments?post=5595"}],"version-history":[{"count":1,"href":"https:\/\/eldiariodesanpedro.com.ar\/sitio\/wp-json\/wp\/v2\/posts\/5595\/revisions"}],"predecessor-version":[{"id":5597,"href":"https:\/\/eldiariodesanpedro.com.ar\/sitio\/wp-json\/wp\/v2\/posts\/5595\/revisions\/5597"}],"wp:featuredmedia":[{"embeddable":true,"href":"https:\/\/eldiariodesanpedro.com.ar\/sitio\/wp-json\/wp\/v2\/media\/5605"}],"wp:attachment":[{"href":"https:\/\/eldiariodesanpedro.com.ar\/sitio\/wp-json\/wp\/v2\/media?parent=5595"}],"wp:term":[{"taxonomy":"category","embeddable":true,"href":"https:\/\/eldiariodesanpedro.com.ar\/sitio\/wp-json\/wp\/v2\/categories?post=5595"},{"taxonomy":"post_tag","embeddable":true,"href":"https:\/\/eldiariodesanpedro.com.ar\/sitio\/wp-json\/wp\/v2\/tags?post=5595"}],"curies":[{"name":"wp","href":"https:\/\/api.w.org\/{rel}","templated":true}]}}