{"id":55946,"date":"2019-07-11T10:57:40","date_gmt":"2019-07-11T13:57:40","guid":{"rendered":"https:\/\/eldiariodesanpedro.com.ar\/sitio\/?p=55946"},"modified":"2019-07-11T10:57:44","modified_gmt":"2019-07-11T13:57:44","slug":"baradero-fallecio-un-hombre-que-sufrio-una-descarga-electrica","status":"publish","type":"post","link":"https:\/\/eldiariodesanpedro.com.ar\/sitio\/baradero-fallecio-un-hombre-que-sufrio-una-descarga-electrica\/","title":{"rendered":"BARADERO: Falleci\u00f3 un hombre que sufri\u00f3 una descarga el\u00e9ctrica"},"content":{"rendered":"<!-- VideographyWP Plugin Message: Automatic video embedding prevented by plugin options. -->\n\n<p>Ocurri\u00f3 este mi\u00e9rcoles a la altura de paraje la tortuga. El hombre falleci\u00f3 tras un accidente laboral.<\/p>\n\n\n\n<p>Luciano Rodriguez, un hombre de 32 a\u00f1os radicado en San Nicolas, trabajaba para Romano SA., empresa terciarizada por Eden. Sufri\u00f3 una descarga el\u00e9ctrica que le genera heridas graves.<br>El operario falleci\u00f3 a las pocas horas de ser trasladado al Hospital local.<\/p>\n\n\n\n<p>Fuente: Tu Radio Baradero<\/p>\n","protected":false},"excerpt":{"rendered":"<p>Ocurri\u00f3 este mi\u00e9rcoles a la altura de paraje la tortuga. El hombre falleci\u00f3 tras un accidente laboral. Luciano Rodriguez, un hombre de 32 a\u00f1os radicado en San Nicolas, trabajaba para Romano SA., empresa terciarizada por Eden. Sufri\u00f3 una descarga el\u00e9ctrica que le genera heridas graves.El operario falleci\u00f3 a las pocas horas de ser trasladado al [&hellip;]<\/p>\n","protected":false},"author":4,"featured_media":55947,"comment_status":"open","ping_status":"closed","sticky":false,"template":"","format":"standard","meta":{"om_disable_all_campaigns":false,"_jetpack_memberships_contains_paid_content":false,"footnotes":""},"categories":[621],"tags":[],"class_list":["post-55946","post","type-post","status-publish","format-standard","has-post-thumbnail","hentry","category-regionales"],"aioseo_notices":[],"gutentor_comment":0,"jetpack_featured_media_url":"https:\/\/eldiariodesanpedro.com.ar\/sitio\/wp-content\/uploads\/2019\/07\/hospital_1_0_3.jpg","jetpack_shortlink":"https:\/\/wp.me\/p6RhLt-eym","jetpack_sharing_enabled":true,"_links":{"self":[{"href":"https:\/\/eldiariodesanpedro.com.ar\/sitio\/wp-json\/wp\/v2\/posts\/55946","targetHints":{"allow":["GET"]}}],"collection":[{"href":"https:\/\/eldiariodesanpedro.com.ar\/sitio\/wp-json\/wp\/v2\/posts"}],"about":[{"href":"https:\/\/eldiariodesanpedro.com.ar\/sitio\/wp-json\/wp\/v2\/types\/post"}],"author":[{"embeddable":true,"href":"https:\/\/eldiariodesanpedro.com.ar\/sitio\/wp-json\/wp\/v2\/users\/4"}],"replies":[{"embeddable":true,"href":"https:\/\/eldiariodesanpedro.com.ar\/sitio\/wp-json\/wp\/v2\/comments?post=55946"}],"version-history":[{"count":1,"href":"https:\/\/eldiariodesanpedro.com.ar\/sitio\/wp-json\/wp\/v2\/posts\/55946\/revisions"}],"predecessor-version":[{"id":55948,"href":"https:\/\/eldiariodesanpedro.com.ar\/sitio\/wp-json\/wp\/v2\/posts\/55946\/revisions\/55948"}],"wp:featuredmedia":[{"embeddable":true,"href":"https:\/\/eldiariodesanpedro.com.ar\/sitio\/wp-json\/wp\/v2\/media\/55947"}],"wp:attachment":[{"href":"https:\/\/eldiariodesanpedro.com.ar\/sitio\/wp-json\/wp\/v2\/media?parent=55946"}],"wp:term":[{"taxonomy":"category","embeddable":true,"href":"https:\/\/eldiariodesanpedro.com.ar\/sitio\/wp-json\/wp\/v2\/categories?post=55946"},{"taxonomy":"post_tag","embeddable":true,"href":"https:\/\/eldiariodesanpedro.com.ar\/sitio\/wp-json\/wp\/v2\/tags?post=55946"}],"curies":[{"name":"wp","href":"https:\/\/api.w.org\/{rel}","templated":true}]}}