{"id":55937,"date":"2019-07-11T10:59:31","date_gmt":"2019-07-11T13:59:31","guid":{"rendered":"https:\/\/eldiariodesanpedro.com.ar\/sitio\/?p=55937"},"modified":"2019-07-11T10:59:35","modified_gmt":"2019-07-11T13:59:35","slug":"sustrajeron-alrededor-de-60-plantas-de-un-vivero","status":"publish","type":"post","link":"https:\/\/eldiariodesanpedro.com.ar\/sitio\/sustrajeron-alrededor-de-60-plantas-de-un-vivero\/","title":{"rendered":"Sustrajeron alrededor de 60 plantas de un vivero"},"content":{"rendered":"<!-- VideographyWP Plugin Message: Automatic video embedding prevented by plugin options. -->\n\n<p>Sucedi\u00f3 en una propiedad ubicada sobre Lucio Mansilla, los delincuentes lograron sustraer 30 plantas de jazmines y 30 de c\u00edtricos.<\/p>\n\n\n\n<p>Su propietaria, una mujer de 46 a\u00f1os de edad, radic\u00f3 la denuncia en la dependencia local luego de constatar por la ma\u00f1ana de este mi\u00e9rcoles la puerta del invernaculo rota.<\/p>\n\n\n\n<p>Los malvivientes escaparon con 60 plantas del lugar, entre ellas jazmines y c\u00edtricos.<\/p>\n\n\n\n<p>El hecho queda a investigaci\u00f3n de la fiscalia N\u00ba5 del Dr Manso.<br><\/p>\n","protected":false},"excerpt":{"rendered":"<p>Sucedi\u00f3 en una propiedad ubicada sobre Lucio Mansilla, los delincuentes lograron sustraer 30 plantas de jazmines y 30 de c\u00edtricos. Su propietaria, una mujer de 46 a\u00f1os de edad, radic\u00f3 la denuncia en la dependencia local luego de constatar por la ma\u00f1ana de este mi\u00e9rcoles la puerta del invernaculo rota. Los malvivientes escaparon con 60 [&hellip;]<\/p>\n","protected":false},"author":4,"featured_media":55949,"comment_status":"open","ping_status":"closed","sticky":false,"template":"","format":"standard","meta":{"om_disable_all_campaigns":false,"_jetpack_memberships_contains_paid_content":false,"footnotes":""},"categories":[2,103],"tags":[],"class_list":["post-55937","post","type-post","status-publish","format-standard","has-post-thumbnail","hentry","category-locales","category-policiales-locales"],"aioseo_notices":[],"gutentor_comment":0,"jetpack_featured_media_url":"https:\/\/eldiariodesanpedro.com.ar\/sitio\/wp-content\/uploads\/2019\/07\/18989460-plantas-de-cultivo-de-c\u00edtricos-naranjas-y-limones-de-sicilia-en-italia.jpg","jetpack_shortlink":"https:\/\/wp.me\/p6RhLt-eyd","jetpack_sharing_enabled":true,"_links":{"self":[{"href":"https:\/\/eldiariodesanpedro.com.ar\/sitio\/wp-json\/wp\/v2\/posts\/55937","targetHints":{"allow":["GET"]}}],"collection":[{"href":"https:\/\/eldiariodesanpedro.com.ar\/sitio\/wp-json\/wp\/v2\/posts"}],"about":[{"href":"https:\/\/eldiariodesanpedro.com.ar\/sitio\/wp-json\/wp\/v2\/types\/post"}],"author":[{"embeddable":true,"href":"https:\/\/eldiariodesanpedro.com.ar\/sitio\/wp-json\/wp\/v2\/users\/4"}],"replies":[{"embeddable":true,"href":"https:\/\/eldiariodesanpedro.com.ar\/sitio\/wp-json\/wp\/v2\/comments?post=55937"}],"version-history":[{"count":1,"href":"https:\/\/eldiariodesanpedro.com.ar\/sitio\/wp-json\/wp\/v2\/posts\/55937\/revisions"}],"predecessor-version":[{"id":55950,"href":"https:\/\/eldiariodesanpedro.com.ar\/sitio\/wp-json\/wp\/v2\/posts\/55937\/revisions\/55950"}],"wp:featuredmedia":[{"embeddable":true,"href":"https:\/\/eldiariodesanpedro.com.ar\/sitio\/wp-json\/wp\/v2\/media\/55949"}],"wp:attachment":[{"href":"https:\/\/eldiariodesanpedro.com.ar\/sitio\/wp-json\/wp\/v2\/media?parent=55937"}],"wp:term":[{"taxonomy":"category","embeddable":true,"href":"https:\/\/eldiariodesanpedro.com.ar\/sitio\/wp-json\/wp\/v2\/categories?post=55937"},{"taxonomy":"post_tag","embeddable":true,"href":"https:\/\/eldiariodesanpedro.com.ar\/sitio\/wp-json\/wp\/v2\/tags?post=55937"}],"curies":[{"name":"wp","href":"https:\/\/api.w.org\/{rel}","templated":true}]}}