{"id":55932,"date":"2019-07-11T10:48:51","date_gmt":"2019-07-11T13:48:51","guid":{"rendered":"https:\/\/eldiariodesanpedro.com.ar\/sitio\/?p=55932"},"modified":"2019-07-11T10:48:55","modified_gmt":"2019-07-11T13:48:55","slug":"zarate-se-presento-toyota-y-vos-el-programa-de-seguridad-vial-con-nuevo-publico-y-formato","status":"publish","type":"post","link":"https:\/\/eldiariodesanpedro.com.ar\/sitio\/zarate-se-presento-toyota-y-vos-el-programa-de-seguridad-vial-con-nuevo-publico-y-formato\/","title":{"rendered":"Z\u00c1RATE: Se present\u00f3 \u201cToyota y Vos\u201d el programa de seguridad vial con nuevo p\u00fablico y formato"},"content":{"rendered":"<!-- VideographyWP Plugin Message: Automatic video embedding prevented by plugin options. -->\n\n<p>A partir del 1 de julio y hasta el 12 de agosto inclusive, Toyota lleva adelante una nueva edici\u00f3n del programa de Seguridad Vial \u201cToyota y vos\u201d, dise\u00f1ado en el a\u00f1o 2008 bajo el concepto de manejo seguro. Esta nueva edici\u00f3n se orienta a los alumnos de los \u00faltimos a\u00f1os del ciclo secundario, con edad para tramitar el registro de conducir.<\/p>\n\n\n\n<p>Toyota Argentina desarrolla desde el a\u00f1o 2008 el programa de seguridad vial \u201cToyota y Vos\u201d, dise\u00f1ado bajo el concepto de manejo seguro y que brinda herramientas a los j\u00f3venes para la conducci\u00f3n responsable, a trav\u00e9s de sesiones te\u00f3ricas y pr\u00e1cticas dictadas por un equipo de instructores profesionales. Con este programa Toyota busca contribuir a la prevenci\u00f3n de accidentes de tr\u00e1nsito de manera directa e indirecta, capacitando y concientizando en un espacio de reflexi\u00f3n.<\/p>\n\n\n\n<p>La nueva edici\u00f3n del programa est\u00e1 enfocada en un nuevo p\u00fablico: j\u00f3venes de 16 a 19 a\u00f1os de escuelas ubicadas en los distritos de Campana, Z\u00e1rate y San Pedro, que mediante actividades l\u00fadicas y capacitaciones se acercan a los principales ejes de la seguridad vial que los afecta directamente.<\/p>\n\n\n\n<p>La actividad est\u00e1 dividida en dos bloques: el primero te\u00f3rico, donde se trabaja sobre el eje de usuarios vulnerables en la v\u00eda p\u00fablica, con una aproximaci\u00f3n a diversos conceptos b\u00e1sicos sobre peatones, ciclistas, motociclistas y j\u00f3venes conductores, a trav\u00e9s de herramientas audiovisuales y actividades participativas. Tambi\u00e9n se focaliza en las problem\u00e1ticas que afectan a los peatones: el uso de casco, el respeto de normas de tr\u00e1nsito y el uso de motos y sus riesgos y consecuencias en incidentes viales.<\/p>\n\n\n\n<p>Con cada tema se seleccionan ideas claves que ser\u00e1n parte de una campa\u00f1a para redes sociales, utilizando los hashtags #ToyotayVos y #SumaTuVozAlaSeguridadVial. Mediante estos hashtags los j\u00f3venes podr\u00e1n publicar fotos de los lugares que consideren inseguros en sus zonas o escribir consignas que crean necesarias para mejorar la Seguridad Vial.<\/p>\n\n\n\n<p>En el segundo bloque se desarrolla el eje de factores de riesgo, distracciones, fatiga, y los efectos nocivos del consumo de alcohol y drogas al circular por la v\u00eda p\u00fablica, a trav\u00e9s de juegos participativos y material audiovisual. &nbsp;<\/p>\n\n\n\n<p><strong>Las 4 actividades pr\u00e1cticas son:<\/strong><\/p>\n\n\n\n<p>\u2013 Posici\u00f3n de manejo, punto ciego y uso de cintur\u00f3n en un simulador de SW4.<br>\u2013 Efecto de consumo de sustancias en la conducci\u00f3n con lentes fatal visi\u00f3n, conos, pelotas y otros elementos-<br>\u2013 Fatiga y sue\u00f1o \/Reflejos con Tablets con software espec\u00edfico.<br>\u2013 Simulador de manejo de Realidad Virtual bajo los efectos del alcohol.<\/p>\n\n\n\n<p>Todas estas actividades son realizadas con herramientas tecnol\u00f3gicas y un simulador de manejo en realidad virtual, para poder experimentar las consecuencias que produce manejar bajo los efectos del alcohol y poder testear los conocimientos que adquirieron.<\/p>\n\n\n\n<p>En el \u00faltimo bloque de la actividad tambi\u00e9n se realiza un v\u00eddeo donde los participantes suman su voz a la seguridad vial y comentan qu\u00e9 cosas cambiar\u00edan, para que sus mensajes puedan ser parte de la campa\u00f1a digital y que ellos mismos sean los voceros de esos mensajes.<\/p>\n\n\n\n<p>En el marco del evento \u201cCampana Joven\u201d, Juan Mar\u00eda Traverso, uno de los pilotos m\u00e1s importantes de la historia del automovilismo argentino y que tambi\u00e9n forma parte del Toyota Gazoo Racing, particip\u00f3 de la actividad conversando con los j\u00f3venes sobre la importancia de las campa\u00f1as de seguridad vial, el uso del casco y otros temas vinculados con el manejo seguro.<\/p>\n\n\n\n<p><strong>Fuente:&nbsp;<\/strong>Noticias Z\u00e1rate Alerta&nbsp;<\/p>\n","protected":false},"excerpt":{"rendered":"<p>A partir del 1 de julio y hasta el 12 de agosto inclusive, Toyota lleva adelante una nueva edici\u00f3n del programa de Seguridad Vial \u201cToyota y vos\u201d, dise\u00f1ado en el a\u00f1o 2008 bajo el concepto de manejo seguro. Esta nueva edici\u00f3n se orienta a los alumnos de los \u00faltimos a\u00f1os del ciclo secundario, con edad [&hellip;]<\/p>\n","protected":false},"author":4,"featured_media":55933,"comment_status":"open","ping_status":"closed","sticky":false,"template":"","format":"standard","meta":{"om_disable_all_campaigns":false,"_jetpack_memberships_contains_paid_content":false,"footnotes":""},"categories":[621],"tags":[],"class_list":["post-55932","post","type-post","status-publish","format-standard","has-post-thumbnail","hentry","category-regionales"],"aioseo_notices":[],"gutentor_comment":0,"jetpack_featured_media_url":"https:\/\/eldiariodesanpedro.com.ar\/sitio\/wp-content\/uploads\/2019\/07\/Seguridad-Vial-1-1024x683.jpg","jetpack_shortlink":"https:\/\/wp.me\/p6RhLt-ey8","jetpack_sharing_enabled":true,"_links":{"self":[{"href":"https:\/\/eldiariodesanpedro.com.ar\/sitio\/wp-json\/wp\/v2\/posts\/55932","targetHints":{"allow":["GET"]}}],"collection":[{"href":"https:\/\/eldiariodesanpedro.com.ar\/sitio\/wp-json\/wp\/v2\/posts"}],"about":[{"href":"https:\/\/eldiariodesanpedro.com.ar\/sitio\/wp-json\/wp\/v2\/types\/post"}],"author":[{"embeddable":true,"href":"https:\/\/eldiariodesanpedro.com.ar\/sitio\/wp-json\/wp\/v2\/users\/4"}],"replies":[{"embeddable":true,"href":"https:\/\/eldiariodesanpedro.com.ar\/sitio\/wp-json\/wp\/v2\/comments?post=55932"}],"version-history":[{"count":1,"href":"https:\/\/eldiariodesanpedro.com.ar\/sitio\/wp-json\/wp\/v2\/posts\/55932\/revisions"}],"predecessor-version":[{"id":55934,"href":"https:\/\/eldiariodesanpedro.com.ar\/sitio\/wp-json\/wp\/v2\/posts\/55932\/revisions\/55934"}],"wp:featuredmedia":[{"embeddable":true,"href":"https:\/\/eldiariodesanpedro.com.ar\/sitio\/wp-json\/wp\/v2\/media\/55933"}],"wp:attachment":[{"href":"https:\/\/eldiariodesanpedro.com.ar\/sitio\/wp-json\/wp\/v2\/media?parent=55932"}],"wp:term":[{"taxonomy":"category","embeddable":true,"href":"https:\/\/eldiariodesanpedro.com.ar\/sitio\/wp-json\/wp\/v2\/categories?post=55932"},{"taxonomy":"post_tag","embeddable":true,"href":"https:\/\/eldiariodesanpedro.com.ar\/sitio\/wp-json\/wp\/v2\/tags?post=55932"}],"curies":[{"name":"wp","href":"https:\/\/api.w.org\/{rel}","templated":true}]}}