{"id":55929,"date":"2019-07-11T10:45:13","date_gmt":"2019-07-11T13:45:13","guid":{"rendered":"https:\/\/eldiariodesanpedro.com.ar\/sitio\/?p=55929"},"modified":"2019-07-11T10:45:17","modified_gmt":"2019-07-11T13:45:17","slug":"zarate-perdio-el-control-del-auto-y-choco-contra-el-guardarrail","status":"publish","type":"post","link":"https:\/\/eldiariodesanpedro.com.ar\/sitio\/zarate-perdio-el-control-del-auto-y-choco-contra-el-guardarrail\/","title":{"rendered":"Z\u00c1RATE: Perdi\u00f3 el control del auto y choc\u00f3 contra el guardarrail"},"content":{"rendered":"<!-- VideographyWP Plugin Message: Automatic video embedding prevented by plugin options. -->\n\n<p>El mi\u00e9rcoles, minutos despu\u00e9s de la medianoche, un veh\u00edculo sufri\u00f3 un accidente en Ruta Nacional 12, a la altura del kil\u00f3metro 129, en sentido Entre R\u00edos \/ Buenos Aires: el conductor perdi\u00f3 el control, despist\u00f3 y choc\u00f3 con violencia un de los guardarrail ubicados en el lado izquierdo del camino.<\/p>\n\n\n\n<p>El coche se trat\u00f3 de una Renault Clio, que era conducido por Juan Sebasti\u00e1n Zapata, domiciliado en la localidad de Z\u00e1rate. El \u00fanico ocupante del veh\u00edculo fue trasladado a la sala de primeros auxilios de Brazo Largo, donde fue atendido por algunos golpes sufridos durante el accidente, que no revistieron mayor gravedad porque iba con el cintur\u00f3n de seguridad puesto.<\/p>\n\n\n\n<p>Producto del impacto, el guardarrail qued\u00f3 doblado sobre el asfalto, lo que oblig\u00f3 al personal de la dotaci\u00f3n de los Bomberos Voluntarios de Ceibas a enderezar el metal de nuevo a su lugar, mientras que el auto fue retirado por el auxilio del peaje.<\/p>\n\n\n\n<p>Fuente: Impacto Local <\/p>\n","protected":false},"excerpt":{"rendered":"<p>El mi\u00e9rcoles, minutos despu\u00e9s de la medianoche, un veh\u00edculo sufri\u00f3 un accidente en Ruta Nacional 12, a la altura del kil\u00f3metro 129, en sentido Entre R\u00edos \/ Buenos Aires: el conductor perdi\u00f3 el control, despist\u00f3 y choc\u00f3 con violencia un de los guardarrail ubicados en el lado izquierdo del camino. El coche se trat\u00f3 de [&hellip;]<\/p>\n","protected":false},"author":4,"featured_media":55930,"comment_status":"open","ping_status":"closed","sticky":false,"template":"","format":"standard","meta":{"om_disable_all_campaigns":false,"_jetpack_memberships_contains_paid_content":false,"footnotes":""},"categories":[621],"tags":[],"class_list":["post-55929","post","type-post","status-publish","format-standard","has-post-thumbnail","hentry","category-regionales"],"aioseo_notices":[],"gutentor_comment":0,"jetpack_featured_media_url":"https:\/\/eldiariodesanpedro.com.ar\/sitio\/wp-content\/uploads\/2019\/07\/choque-zarate\u00f1o_700x525.jpg","jetpack_shortlink":"https:\/\/wp.me\/p6RhLt-ey5","jetpack_sharing_enabled":true,"_links":{"self":[{"href":"https:\/\/eldiariodesanpedro.com.ar\/sitio\/wp-json\/wp\/v2\/posts\/55929","targetHints":{"allow":["GET"]}}],"collection":[{"href":"https:\/\/eldiariodesanpedro.com.ar\/sitio\/wp-json\/wp\/v2\/posts"}],"about":[{"href":"https:\/\/eldiariodesanpedro.com.ar\/sitio\/wp-json\/wp\/v2\/types\/post"}],"author":[{"embeddable":true,"href":"https:\/\/eldiariodesanpedro.com.ar\/sitio\/wp-json\/wp\/v2\/users\/4"}],"replies":[{"embeddable":true,"href":"https:\/\/eldiariodesanpedro.com.ar\/sitio\/wp-json\/wp\/v2\/comments?post=55929"}],"version-history":[{"count":1,"href":"https:\/\/eldiariodesanpedro.com.ar\/sitio\/wp-json\/wp\/v2\/posts\/55929\/revisions"}],"predecessor-version":[{"id":55931,"href":"https:\/\/eldiariodesanpedro.com.ar\/sitio\/wp-json\/wp\/v2\/posts\/55929\/revisions\/55931"}],"wp:featuredmedia":[{"embeddable":true,"href":"https:\/\/eldiariodesanpedro.com.ar\/sitio\/wp-json\/wp\/v2\/media\/55930"}],"wp:attachment":[{"href":"https:\/\/eldiariodesanpedro.com.ar\/sitio\/wp-json\/wp\/v2\/media?parent=55929"}],"wp:term":[{"taxonomy":"category","embeddable":true,"href":"https:\/\/eldiariodesanpedro.com.ar\/sitio\/wp-json\/wp\/v2\/categories?post=55929"},{"taxonomy":"post_tag","embeddable":true,"href":"https:\/\/eldiariodesanpedro.com.ar\/sitio\/wp-json\/wp\/v2\/tags?post=55929"}],"curies":[{"name":"wp","href":"https:\/\/api.w.org\/{rel}","templated":true}]}}