{"id":55923,"date":"2019-07-11T10:42:19","date_gmt":"2019-07-11T13:42:19","guid":{"rendered":"https:\/\/eldiariodesanpedro.com.ar\/sitio\/?p=55923"},"modified":"2019-07-11T10:42:23","modified_gmt":"2019-07-11T13:42:23","slug":"san-nicolas-uta-decreto-un-paro-de-colectivos-para-el-viernes","status":"publish","type":"post","link":"https:\/\/eldiariodesanpedro.com.ar\/sitio\/san-nicolas-uta-decreto-un-paro-de-colectivos-para-el-viernes\/","title":{"rendered":"SAN NICOLAS: UTA decret\u00f3 un paro de colectivos para el viernes"},"content":{"rendered":"<!-- VideographyWP Plugin Message: Automatic video embedding prevented by plugin options. -->\n\n<p>\n\nLa Uni\u00f3n Tranviarios Automotor (UTA) ratific\u00f3 hoy un paro de colectivos para el viernes, 12 de julio, que afectar\u00e1 al interior del pa\u00eds, en reclamo de una mejora salarial del 20% y un bono de 16 mil pesos para los trabajadores del sector. Buscan replicar a nivel nacional el acuerdo logrado en el \u00e1mbito porte\u00f1o y en la provincia de Buenos Aires, donde no aplicar\u00e1 la medida de fuerza.<\/p>\n\n\n\n<p>El gremio anunci\u00f3 movilizaciones en todo el pa\u00eds tras el fracaso de la negociaci\u00f3n con la Federaci\u00f3n Argentina de Transportes por Automotor de Pasajeros (Fatap), que desconoci\u00f3 el pedido de aumento salarial.<\/p>\n\n\n\n<p>As\u00ed, las delegaciones del interior se adhieren al paro que, desde el s\u00e1bado, dej\u00f3 sin colectivos a los tucumanos. \u00abHacemos responsables de la situaci\u00f3n que atraviesan tanto los trabajadores de la actividad como los usuarios de los servicios no solamente al sector empresario, que se ha negado sistem\u00e1ticamente a discutir, sino tambi\u00e9n a las autoridades nacionales y provinciales que ignoran y no se hacen eco del planteo sindical\u00bb, indic\u00f3 el titular de la UTA, Roberto Fern\u00e1ndez.<\/p>\n\n\n\n<p>Se espera una nueva audiencia en el Ministerio de Trabajo de la Naci\u00f3n programada para el jueves. Dependiendo de los resultados se determinar\u00e1n los pasos a seguir. <\/p>\n\n\n\n<p>Fuente: Diario El Informante<\/p>\n","protected":false},"excerpt":{"rendered":"<p>La Uni\u00f3n Tranviarios Automotor (UTA) ratific\u00f3 hoy un paro de colectivos para el viernes, 12 de julio, que afectar\u00e1 al interior del pa\u00eds, en reclamo de una mejora salarial del 20% y un bono de 16 mil pesos para los trabajadores del sector. Buscan replicar a nivel nacional el acuerdo logrado en el \u00e1mbito porte\u00f1o [&hellip;]<\/p>\n","protected":false},"author":4,"featured_media":55924,"comment_status":"open","ping_status":"closed","sticky":false,"template":"","format":"standard","meta":{"om_disable_all_campaigns":false,"_jetpack_memberships_contains_paid_content":false,"footnotes":""},"categories":[2,621],"tags":[],"class_list":["post-55923","post","type-post","status-publish","format-standard","has-post-thumbnail","hentry","category-locales","category-regionales"],"aioseo_notices":[],"gutentor_comment":0,"jetpack_featured_media_url":"https:\/\/eldiariodesanpedro.com.ar\/sitio\/wp-content\/uploads\/2019\/07\/conmarca20981.jpg","jetpack_shortlink":"https:\/\/wp.me\/p6RhLt-exZ","jetpack_sharing_enabled":true,"_links":{"self":[{"href":"https:\/\/eldiariodesanpedro.com.ar\/sitio\/wp-json\/wp\/v2\/posts\/55923","targetHints":{"allow":["GET"]}}],"collection":[{"href":"https:\/\/eldiariodesanpedro.com.ar\/sitio\/wp-json\/wp\/v2\/posts"}],"about":[{"href":"https:\/\/eldiariodesanpedro.com.ar\/sitio\/wp-json\/wp\/v2\/types\/post"}],"author":[{"embeddable":true,"href":"https:\/\/eldiariodesanpedro.com.ar\/sitio\/wp-json\/wp\/v2\/users\/4"}],"replies":[{"embeddable":true,"href":"https:\/\/eldiariodesanpedro.com.ar\/sitio\/wp-json\/wp\/v2\/comments?post=55923"}],"version-history":[{"count":1,"href":"https:\/\/eldiariodesanpedro.com.ar\/sitio\/wp-json\/wp\/v2\/posts\/55923\/revisions"}],"predecessor-version":[{"id":55925,"href":"https:\/\/eldiariodesanpedro.com.ar\/sitio\/wp-json\/wp\/v2\/posts\/55923\/revisions\/55925"}],"wp:featuredmedia":[{"embeddable":true,"href":"https:\/\/eldiariodesanpedro.com.ar\/sitio\/wp-json\/wp\/v2\/media\/55924"}],"wp:attachment":[{"href":"https:\/\/eldiariodesanpedro.com.ar\/sitio\/wp-json\/wp\/v2\/media?parent=55923"}],"wp:term":[{"taxonomy":"category","embeddable":true,"href":"https:\/\/eldiariodesanpedro.com.ar\/sitio\/wp-json\/wp\/v2\/categories?post=55923"},{"taxonomy":"post_tag","embeddable":true,"href":"https:\/\/eldiariodesanpedro.com.ar\/sitio\/wp-json\/wp\/v2\/tags?post=55923"}],"curies":[{"name":"wp","href":"https:\/\/api.w.org\/{rel}","templated":true}]}}