{"id":5592,"date":"2016-06-20T18:59:38","date_gmt":"2016-06-20T21:59:38","guid":{"rendered":"https:\/\/eldiariodesanpedro.com.ar\/sitio\/?p=5592"},"modified":"2016-06-20T19:14:17","modified_gmt":"2016-06-20T22:14:17","slug":"encontraron-en-vta-de-obligado-el-cuatriciclo-robado-a-acero-cali","status":"publish","type":"post","link":"https:\/\/eldiariodesanpedro.com.ar\/sitio\/encontraron-en-vta-de-obligado-el-cuatriciclo-robado-a-acero-cali\/","title":{"rendered":"Encontraron en Vta. de Obligado el cuatriciclo robado a \u201cAcero\u201d Cali"},"content":{"rendered":"<p><!-- VideographyWP Plugin Message: Automatic video embedding prevented by plugin options. --><br \/>\nEl rodado fue encontrado ayer por la tarde por personal policial perteneciente al destacamento de Gobernador Castro, cuando realizaba el recorrido sobre la jurisdicci\u00f3n en prevenci\u00f3n de il\u00edcitos y faltas en general. El cuatriciclo marca Suzuki modelo 750 CC se encontraba abandonado sobre el callej\u00f3n en zona de Vuelta de Obligado.<br \/>\nCursados los datos del rodado a la Jefatura Departamental San Nicol\u00e1s se pudo constatar que el motoveh\u00edculo presentaba un pedido activo de secuestro por un hecho caratulado como \u201cRobo Agravado por Efracci\u00f3n ocurrido en la ciudad de Ramallo, con intervenci\u00f3n de la Unidad Funcional de Instrucci\u00f3n n\u00ba 6 a cargo del Dr. Giagnorio, Depto. Judicial San Nicol\u00e1s.<br \/>\nSe trata del veh\u00edculo que le hab\u00eda sido robado Jorge \u201cAcero\u201d Cali en el predio de su propiedad en el barrio \u201cEstrella Federal\u201d d\u00edas atr\u00e1s.<\/p>\n","protected":false},"excerpt":{"rendered":"<p>El rodado fue encontrado ayer por la tarde por personal policial perteneciente al destacamento de Gobernador Castro, cuando realizaba el recorrido sobre la jurisdicci\u00f3n en prevenci\u00f3n de il\u00edcitos y faltas en general. El cuatriciclo marca Suzuki modelo 750 CC se encontraba abandonado sobre el callej\u00f3n en zona de Vuelta de Obligado. Cursados los datos del [&hellip;]<\/p>\n","protected":false},"author":4,"featured_media":5604,"comment_status":"open","ping_status":"closed","sticky":false,"template":"","format":"standard","meta":{"om_disable_all_campaigns":false,"_jetpack_memberships_contains_paid_content":false,"footnotes":""},"categories":[50,2,103],"tags":[],"class_list":["post-5592","post","type-post","status-publish","format-standard","has-post-thumbnail","hentry","category-destacadas","category-locales","category-policiales-locales"],"aioseo_notices":[],"gutentor_comment":0,"jetpack_featured_media_url":"https:\/\/eldiariodesanpedro.com.ar\/sitio\/wp-content\/uploads\/2016\/06\/cuatriciclo-1.jpg","jetpack_shortlink":"https:\/\/wp.me\/p6RhLt-1sc","jetpack_sharing_enabled":true,"_links":{"self":[{"href":"https:\/\/eldiariodesanpedro.com.ar\/sitio\/wp-json\/wp\/v2\/posts\/5592","targetHints":{"allow":["GET"]}}],"collection":[{"href":"https:\/\/eldiariodesanpedro.com.ar\/sitio\/wp-json\/wp\/v2\/posts"}],"about":[{"href":"https:\/\/eldiariodesanpedro.com.ar\/sitio\/wp-json\/wp\/v2\/types\/post"}],"author":[{"embeddable":true,"href":"https:\/\/eldiariodesanpedro.com.ar\/sitio\/wp-json\/wp\/v2\/users\/4"}],"replies":[{"embeddable":true,"href":"https:\/\/eldiariodesanpedro.com.ar\/sitio\/wp-json\/wp\/v2\/comments?post=5592"}],"version-history":[{"count":1,"href":"https:\/\/eldiariodesanpedro.com.ar\/sitio\/wp-json\/wp\/v2\/posts\/5592\/revisions"}],"predecessor-version":[{"id":5594,"href":"https:\/\/eldiariodesanpedro.com.ar\/sitio\/wp-json\/wp\/v2\/posts\/5592\/revisions\/5594"}],"wp:featuredmedia":[{"embeddable":true,"href":"https:\/\/eldiariodesanpedro.com.ar\/sitio\/wp-json\/wp\/v2\/media\/5604"}],"wp:attachment":[{"href":"https:\/\/eldiariodesanpedro.com.ar\/sitio\/wp-json\/wp\/v2\/media?parent=5592"}],"wp:term":[{"taxonomy":"category","embeddable":true,"href":"https:\/\/eldiariodesanpedro.com.ar\/sitio\/wp-json\/wp\/v2\/categories?post=5592"},{"taxonomy":"post_tag","embeddable":true,"href":"https:\/\/eldiariodesanpedro.com.ar\/sitio\/wp-json\/wp\/v2\/tags?post=5592"}],"curies":[{"name":"wp","href":"https:\/\/api.w.org\/{rel}","templated":true}]}}