{"id":55919,"date":"2019-07-11T10:40:20","date_gmt":"2019-07-11T13:40:20","guid":{"rendered":"https:\/\/eldiariodesanpedro.com.ar\/sitio\/?p=55919"},"modified":"2019-07-11T10:40:24","modified_gmt":"2019-07-11T13:40:24","slug":"san-nicolas-prefectura-naval-allano-a-policia-sospechado-de-alquilar-armas-a-delincuentes","status":"publish","type":"post","link":"https:\/\/eldiariodesanpedro.com.ar\/sitio\/san-nicolas-prefectura-naval-allano-a-policia-sospechado-de-alquilar-armas-a-delincuentes\/","title":{"rendered":"SAN NICOL\u00c1S: Prefectura Naval allan\u00f3 a polic\u00eda sospechado de alquilar armas a delincuentes"},"content":{"rendered":"<!-- VideographyWP Plugin Message: Automatic video embedding prevented by plugin options. -->\n\n<p>En la madrugada de este mi\u00e9rcoles 10 de julio, Polic\u00eda Judicial junto a la UFI N\u00ba 6 y Prefectura Naval Argentina realiz\u00f3 dos allanamientos en Barrio del Carmen y Colombini y en el Destacamento de Conesa.\u00a0<\/p>\n\n\n\n<p>En el marco de una investigaci\u00f3n que comenz\u00f3 en sede judicial este a\u00f1o y luego de concretar una importante investigaci\u00f3n, se solicitaron \u00f3rdenes de allanamientos a pedido del Dr. Rub\u00e9n Dar\u00edo Giagnorio, titular de la UFI N\u00ba 6 , que fueron libradas por la Dr. Rom\u00e1n Parodi. Titular del Juzgado de Garant\u00edas N\u00b0 1 del Departamento Judicial San Nicol\u00e1s.&nbsp;<\/p>\n\n\n\n<p>Instructores judiciales junto a personal de la Delegaci\u00f3n de Inteligencia Criminal e Investigaciones de la Prefectura Naval Argentina delegaci\u00f3n San Nicol\u00e1s, efectuaron las diligencias en su domicilio de barrio del Carmen y Colombini y en el Destacamento de Conesa donde hab\u00eda sido trasladado.<\/p>\n\n\n\n<p>Los procedimientos se realizaron con el objetivo del secuestro de telefon\u00eda celular perteneciente a un Oficial de la Polic\u00eda de la Provincia de Buenos Aires, Fabi\u00e1n Mart\u00ednez.<\/p>\n\n\n\n<p>Al inicio de la investigaci\u00f3n Mart\u00ednez ocupaba el cargo de Oficial Ayudante en administraci\u00f3n en la Jefatura Departamental de San Nicol\u00e1s. Estando \u00e9l al cuidado del dep\u00f3sito de las armas.&nbsp;<\/p>\n\n\n\n<p>Alrededor de 6 meses atr\u00e1s, personal de la Polic\u00eda Local detuvo a dos delincuentes y el fiscal Giagnorio sigui\u00f3 el registro de un arma que le secuestraron. Precisamente pudo probar que era de un efectivo y que deb\u00eda estar en la Departamental. No fue el \u00fanico caso que detectaron.<\/p>\n\n\n\n<p>Por ello se inici\u00f3 un proceso de investigaci\u00f3n que incluy\u00f3 escuchas telef\u00f3nicas y se determin\u00f3 que el oficial Mart\u00ednez habr\u00eda alquilado en varias oportunidades las armas a delincuentes.<\/p>\n\n\n\n<p>Tambi\u00e9n est\u00e1 acusado de venta de estupefacientes adem\u00e1s del consumo, seg\u00fan manifest\u00f3 el fiscal Giagnorio a EL INFORMANTE.<\/p>\n\n\n\n<p>La faltante de armas en la actualidad es de un n\u00famero importante, consign\u00f3 el fiscal.&nbsp;<\/p>\n\n\n\n<p>El efectivo al iniciarse la causa fue trasladado al Destacamento de Conesa; si bien goza de libertad -ya que el delito es excarcelable-, se estima que Asuntos Internos tomar\u00e1 la decisi\u00f3n de exonerarlo de la fuerza por la causa de violencia institucional.<\/p>\n\n\n\n<p>Cabe destacar que los elementos secuestrados ser\u00e1n analizados por el Poder Judicial para determinar puntualmente el delito investigado.<\/p>\n\n\n\n<p>Los procedimientos estuvieron a cargo de Brigadas de Investigaciones de la Prefectura San Lorenzo, Grupos de Operaciones Especiales y Brigadas locales de dicha fuerza federal.<\/p>\n\n\n\n<p>Se labraron actuaciones de rigor en presencia de Instructores Judiciales. <\/p>\n\n\n\n<p>Fuente: Diario El Informante<\/p>\n\n\n\n<figure class=\"wp-block-image\"><img decoding=\"async\" width=\"700\" height=\"394\" data-attachment-id=\"55920\" data-permalink=\"https:\/\/eldiariodesanpedro.com.ar\/sitio\/san-nicolas-prefectura-naval-allano-a-policia-sospechado-de-alquilar-armas-a-delincuentes\/conmarca20976\/\" data-orig-file=\"https:\/\/eldiariodesanpedro.com.ar\/sitio\/wp-content\/uploads\/2019\/07\/conmarca20976.jpg\" data-orig-size=\"700,394\" data-comments-opened=\"1\" data-image-meta=\"{&quot;aperture&quot;:&quot;0&quot;,&quot;credit&quot;:&quot;&quot;,&quot;camera&quot;:&quot;&quot;,&quot;caption&quot;:&quot;&quot;,&quot;created_timestamp&quot;:&quot;0&quot;,&quot;copyright&quot;:&quot;&quot;,&quot;focal_length&quot;:&quot;0&quot;,&quot;iso&quot;:&quot;0&quot;,&quot;shutter_speed&quot;:&quot;0&quot;,&quot;title&quot;:&quot;&quot;,&quot;orientation&quot;:&quot;0&quot;}\" data-image-title=\"conmarca20976\" data-image-description=\"\" data-image-caption=\"\" data-large-file=\"https:\/\/eldiariodesanpedro.com.ar\/sitio\/wp-content\/uploads\/2019\/07\/conmarca20976.jpg\" data-src=\"https:\/\/eldiariodesanpedro.com.ar\/sitio\/wp-content\/uploads\/2019\/07\/conmarca20976.jpg\" alt=\"\" class=\"wp-image-55920 lazyload\" data-srcset=\"https:\/\/eldiariodesanpedro.com.ar\/sitio\/wp-content\/uploads\/2019\/07\/conmarca20976.jpg 700w, https:\/\/eldiariodesanpedro.com.ar\/sitio\/wp-content\/uploads\/2019\/07\/conmarca20976-300x169.jpg 300w\" data-sizes=\"(max-width: 700px) 100vw, 700px\" src=\"data:image\/svg+xml;base64,PHN2ZyB3aWR0aD0iMSIgaGVpZ2h0PSIxIiB4bWxucz0iaHR0cDovL3d3dy53My5vcmcvMjAwMC9zdmciPjwvc3ZnPg==\" style=\"--smush-placeholder-width: 700px; --smush-placeholder-aspect-ratio: 700\/394;\" \/><\/figure>\n","protected":false},"excerpt":{"rendered":"<p>En la madrugada de este mi\u00e9rcoles 10 de julio, Polic\u00eda Judicial junto a la UFI N\u00ba 6 y Prefectura Naval Argentina realiz\u00f3 dos allanamientos en Barrio del Carmen y Colombini y en el Destacamento de Conesa.\u00a0 En el marco de una investigaci\u00f3n que comenz\u00f3 en sede judicial este a\u00f1o y luego de concretar una importante [&hellip;]<\/p>\n","protected":false},"author":4,"featured_media":55921,"comment_status":"open","ping_status":"closed","sticky":false,"template":"","format":"standard","meta":{"om_disable_all_campaigns":false,"_jetpack_memberships_contains_paid_content":false,"footnotes":""},"categories":[621],"tags":[],"class_list":["post-55919","post","type-post","status-publish","format-standard","has-post-thumbnail","hentry","category-regionales"],"aioseo_notices":[],"gutentor_comment":0,"jetpack_featured_media_url":"https:\/\/eldiariodesanpedro.com.ar\/sitio\/wp-content\/uploads\/2019\/07\/conmarca20977.jpg","jetpack_shortlink":"https:\/\/wp.me\/p6RhLt-exV","jetpack_sharing_enabled":true,"_links":{"self":[{"href":"https:\/\/eldiariodesanpedro.com.ar\/sitio\/wp-json\/wp\/v2\/posts\/55919","targetHints":{"allow":["GET"]}}],"collection":[{"href":"https:\/\/eldiariodesanpedro.com.ar\/sitio\/wp-json\/wp\/v2\/posts"}],"about":[{"href":"https:\/\/eldiariodesanpedro.com.ar\/sitio\/wp-json\/wp\/v2\/types\/post"}],"author":[{"embeddable":true,"href":"https:\/\/eldiariodesanpedro.com.ar\/sitio\/wp-json\/wp\/v2\/users\/4"}],"replies":[{"embeddable":true,"href":"https:\/\/eldiariodesanpedro.com.ar\/sitio\/wp-json\/wp\/v2\/comments?post=55919"}],"version-history":[{"count":1,"href":"https:\/\/eldiariodesanpedro.com.ar\/sitio\/wp-json\/wp\/v2\/posts\/55919\/revisions"}],"predecessor-version":[{"id":55922,"href":"https:\/\/eldiariodesanpedro.com.ar\/sitio\/wp-json\/wp\/v2\/posts\/55919\/revisions\/55922"}],"wp:featuredmedia":[{"embeddable":true,"href":"https:\/\/eldiariodesanpedro.com.ar\/sitio\/wp-json\/wp\/v2\/media\/55921"}],"wp:attachment":[{"href":"https:\/\/eldiariodesanpedro.com.ar\/sitio\/wp-json\/wp\/v2\/media?parent=55919"}],"wp:term":[{"taxonomy":"category","embeddable":true,"href":"https:\/\/eldiariodesanpedro.com.ar\/sitio\/wp-json\/wp\/v2\/categories?post=55919"},{"taxonomy":"post_tag","embeddable":true,"href":"https:\/\/eldiariodesanpedro.com.ar\/sitio\/wp-json\/wp\/v2\/tags?post=55919"}],"curies":[{"name":"wp","href":"https:\/\/api.w.org\/{rel}","templated":true}]}}