{"id":55905,"date":"2019-07-11T09:14:15","date_gmt":"2019-07-11T12:14:15","guid":{"rendered":"https:\/\/eldiariodesanpedro.com.ar\/sitio\/?p=55905"},"modified":"2019-07-11T09:14:20","modified_gmt":"2019-07-11T12:14:20","slug":"provincia-aplicacion-que-te-permite-tener-todos-los-documentos-del-auto-en-el-celular","status":"publish","type":"post","link":"https:\/\/eldiariodesanpedro.com.ar\/sitio\/provincia-aplicacion-que-te-permite-tener-todos-los-documentos-del-auto-en-el-celular\/","title":{"rendered":"PROVINCIA: Aplicaci\u00f3n que te permite tener todos los documentos del auto en el celular"},"content":{"rendered":"<!-- VideographyWP Plugin Message: Automatic video embedding prevented by plugin options. -->\n\n<p>Se trata de la app \u201cMi Argentina\u201d, con la que los conductores de autos y motos podr\u00e1n circular por las calles y rutas del pa\u00eds con su registro, c\u00e9dulas verdes y azules digitalizadas en el smartphone. \u00bfC\u00f3mo se hace?<\/p>\n\n\n\n<p>&nbsp;Ahora un conductor de auto o moto podr\u00e1 circular por la calle con&nbsp;las c\u00e9dulas verde y azul digitalizadas&nbsp;almacenadas en su smartphone.<\/p>\n\n\n\n<p>\u00bfC\u00f3mo se hace para sumar las c\u00e9dulas verde y azul digitalizadas?<\/p>\n\n\n\n<p>Bajar la aplicaci\u00f3n&nbsp;\u201cMi Argentina\u201d.<\/p>\n\n\n\n<p>Se ingresa y luego de la introducci\u00f3n, debe apretarse el bot\u00f3n \u00abIngresar\u00bb. Se va a \u00abRegistrarme\u00bb y se accede al formulario.<\/p>\n\n\n\n<p>Para el proceso de registraci\u00f3n se requerir\u00e1: una direcci\u00f3n de correo electr\u00f3nico y el n\u00famero de CUIL (si no lo recuerda, puede ingresar a&nbsp;https:\/\/www.argentina.gob.ar\/descarga-constancia-cuil&nbsp;y obtenerlo).<\/p>\n\n\n\n<p>Luego se requerir\u00e1 validar su identidad. Esto puede hacerse de tres maneras distintas:&nbsp;a)&nbsp;de forma remota, desde la versi\u00f3n m\u00f3vil de la aplicaci\u00f3n;&nbsp;b)&nbsp;de forma presencial, en organismos estatales al momento de realizar tr\u00e1mites o aplicarse vacunas como la de la fiebre amarilla;&nbsp;c)&nbsp;de forma presencial al momento de realizar el tr\u00e1mite de renovaci\u00f3n del DNI en cualquier CDR del Registro Nacional de las Personas.<\/p>\n\n\n\n<p>Luego, si se ingresa el n\u00famero que aparece en el documento f\u00edsico, las c\u00e9dulas ya emitidas oficialmente quedar\u00e1n autom\u00e1ticamente incorporadas al \u00abPerfil Digital del Ciudadano\u00bb sin necesidad de validarlas. Se accede a las c\u00e9dulas en formato digital en la secci\u00f3n \u00abCredenciales\u00bb de la aplicaci\u00f3n Mi Argentina.<\/p>\n\n\n\n<figure class=\"wp-block-embed\"><div class=\"wp-block-embed__wrapper\">\nhttps:\/\/infocielo.com\n<\/div><\/figure>\n","protected":false},"excerpt":{"rendered":"<p>Se trata de la app \u201cMi Argentina\u201d, con la que los conductores de autos y motos podr\u00e1n circular por las calles y rutas del pa\u00eds con su registro, c\u00e9dulas verdes y azules digitalizadas en el smartphone. \u00bfC\u00f3mo se hace? &nbsp;Ahora un conductor de auto o moto podr\u00e1 circular por la calle con&nbsp;las c\u00e9dulas verde y [&hellip;]<\/p>\n","protected":false},"author":4,"featured_media":55906,"comment_status":"open","ping_status":"closed","sticky":false,"template":"","format":"standard","meta":{"om_disable_all_campaigns":false,"_jetpack_memberships_contains_paid_content":false,"footnotes":""},"categories":[621],"tags":[],"class_list":["post-55905","post","type-post","status-publish","format-standard","has-post-thumbnail","hentry","category-regionales"],"aioseo_notices":[],"gutentor_comment":0,"jetpack_featured_media_url":"https:\/\/eldiariodesanpedro.com.ar\/sitio\/wp-content\/uploads\/2019\/07\/Screenshot_20190711-0907202.png","jetpack_shortlink":"https:\/\/wp.me\/p6RhLt-exH","jetpack_sharing_enabled":true,"_links":{"self":[{"href":"https:\/\/eldiariodesanpedro.com.ar\/sitio\/wp-json\/wp\/v2\/posts\/55905","targetHints":{"allow":["GET"]}}],"collection":[{"href":"https:\/\/eldiariodesanpedro.com.ar\/sitio\/wp-json\/wp\/v2\/posts"}],"about":[{"href":"https:\/\/eldiariodesanpedro.com.ar\/sitio\/wp-json\/wp\/v2\/types\/post"}],"author":[{"embeddable":true,"href":"https:\/\/eldiariodesanpedro.com.ar\/sitio\/wp-json\/wp\/v2\/users\/4"}],"replies":[{"embeddable":true,"href":"https:\/\/eldiariodesanpedro.com.ar\/sitio\/wp-json\/wp\/v2\/comments?post=55905"}],"version-history":[{"count":1,"href":"https:\/\/eldiariodesanpedro.com.ar\/sitio\/wp-json\/wp\/v2\/posts\/55905\/revisions"}],"predecessor-version":[{"id":55907,"href":"https:\/\/eldiariodesanpedro.com.ar\/sitio\/wp-json\/wp\/v2\/posts\/55905\/revisions\/55907"}],"wp:featuredmedia":[{"embeddable":true,"href":"https:\/\/eldiariodesanpedro.com.ar\/sitio\/wp-json\/wp\/v2\/media\/55906"}],"wp:attachment":[{"href":"https:\/\/eldiariodesanpedro.com.ar\/sitio\/wp-json\/wp\/v2\/media?parent=55905"}],"wp:term":[{"taxonomy":"category","embeddable":true,"href":"https:\/\/eldiariodesanpedro.com.ar\/sitio\/wp-json\/wp\/v2\/categories?post=55905"},{"taxonomy":"post_tag","embeddable":true,"href":"https:\/\/eldiariodesanpedro.com.ar\/sitio\/wp-json\/wp\/v2\/tags?post=55905"}],"curies":[{"name":"wp","href":"https:\/\/api.w.org\/{rel}","templated":true}]}}