{"id":55900,"date":"2019-07-10T19:15:18","date_gmt":"2019-07-10T22:15:18","guid":{"rendered":"https:\/\/eldiariodesanpedro.com.ar\/sitio\/?p=55900"},"modified":"2019-07-10T19:15:22","modified_gmt":"2019-07-10T22:15:22","slug":"dieron-de-alta-a-victoria-amatriain","status":"publish","type":"post","link":"https:\/\/eldiariodesanpedro.com.ar\/sitio\/dieron-de-alta-a-victoria-amatriain\/","title":{"rendered":"Dieron de alta a Victoria Amatriain"},"content":{"rendered":"<!-- VideographyWP Plugin Message: Automatic video embedding prevented by plugin options. -->\n\n<p>A poco de cumplirse una semana del asalto que sufri\u00f3 en su casa, la mujer de 42 a\u00f1os que fue baleada en el h\u00edgado, recibi\u00f3 el alta tras permanecer internada en el Hospital Italiano.\u00a0<\/p>\n\n\n\n<p>Luego de permanecer internada cinco d\u00edas en una habitaci\u00f3n del Hospital Italiano, Victoria Amatriain fue dada de alta en la tarde del mi\u00e9rcoles. La mujer de 42 a\u00f1os tuvo un excelente recuperaci\u00f3n y el viernes deber\u00e1 regresar al nosocomio para recibir una nueva curaci\u00f3n, mientras tanto permanecer\u00e1 en una propiedad familiar de Capital Federal hasta que los m\u00e9dicos le permitan regresar a San Pedro.\u00a0<\/p>\n\n\n\n<p>Ma\u00f1ana jueves se cumplir\u00e1 una semana del grave episodio acontecido en su casa de la calle 24 de Febrero al 2400, cuando dos delincuentes irrumpieron en el lugar y al ingresar a la casa balearon a Amatriain y a su esposo Pedro Alsogaray.<\/p>\n\n\n\n<p>La mujer fue intervenida quir\u00fargicamente en el Hospital \u00abEmilio Ruffa\u00bb y tras la evoluci\u00f3n favorable que mostr\u00f3 fue trasladada por un helic\u00f3ptero sanitario al Hospital Italiano para una tratamiento puntual.&nbsp;&nbsp;<\/p>\n\n\n\n<p>Con respecto a la investigaci\u00f3n se aguardan novedades con el correr de los d\u00edas ya que el fiscal Marcelo Manso tom\u00f3 declaraci\u00f3n tanto a Alsogaray como a Amatriain.\u00a0<\/p>\n\n\n\n<p>Fuente:  San Pedro Informa<\/p>\n","protected":false},"excerpt":{"rendered":"<p>A poco de cumplirse una semana del asalto que sufri\u00f3 en su casa, la mujer de 42 a\u00f1os que fue baleada en el h\u00edgado, recibi\u00f3 el alta tras permanecer internada en el Hospital Italiano.\u00a0 Luego de permanecer internada cinco d\u00edas en una habitaci\u00f3n del Hospital Italiano, Victoria Amatriain fue dada de alta en la tarde [&hellip;]<\/p>\n","protected":false},"author":4,"featured_media":55901,"comment_status":"open","ping_status":"closed","sticky":false,"template":"","format":"standard","meta":{"om_disable_all_campaigns":false,"_jetpack_memberships_contains_paid_content":false,"footnotes":""},"categories":[50,101,2],"tags":[],"class_list":["post-55900","post","type-post","status-publish","format-standard","has-post-thumbnail","hentry","category-destacadas","category-interes-general-locales","category-locales"],"aioseo_notices":[],"gutentor_comment":0,"jetpack_featured_media_url":"https:\/\/eldiariodesanpedro.com.ar\/sitio\/wp-content\/uploads\/2019\/07\/pagina-5.jpg","jetpack_shortlink":"https:\/\/wp.me\/p6RhLt-exC","jetpack_sharing_enabled":true,"_links":{"self":[{"href":"https:\/\/eldiariodesanpedro.com.ar\/sitio\/wp-json\/wp\/v2\/posts\/55900","targetHints":{"allow":["GET"]}}],"collection":[{"href":"https:\/\/eldiariodesanpedro.com.ar\/sitio\/wp-json\/wp\/v2\/posts"}],"about":[{"href":"https:\/\/eldiariodesanpedro.com.ar\/sitio\/wp-json\/wp\/v2\/types\/post"}],"author":[{"embeddable":true,"href":"https:\/\/eldiariodesanpedro.com.ar\/sitio\/wp-json\/wp\/v2\/users\/4"}],"replies":[{"embeddable":true,"href":"https:\/\/eldiariodesanpedro.com.ar\/sitio\/wp-json\/wp\/v2\/comments?post=55900"}],"version-history":[{"count":1,"href":"https:\/\/eldiariodesanpedro.com.ar\/sitio\/wp-json\/wp\/v2\/posts\/55900\/revisions"}],"predecessor-version":[{"id":55902,"href":"https:\/\/eldiariodesanpedro.com.ar\/sitio\/wp-json\/wp\/v2\/posts\/55900\/revisions\/55902"}],"wp:featuredmedia":[{"embeddable":true,"href":"https:\/\/eldiariodesanpedro.com.ar\/sitio\/wp-json\/wp\/v2\/media\/55901"}],"wp:attachment":[{"href":"https:\/\/eldiariodesanpedro.com.ar\/sitio\/wp-json\/wp\/v2\/media?parent=55900"}],"wp:term":[{"taxonomy":"category","embeddable":true,"href":"https:\/\/eldiariodesanpedro.com.ar\/sitio\/wp-json\/wp\/v2\/categories?post=55900"},{"taxonomy":"post_tag","embeddable":true,"href":"https:\/\/eldiariodesanpedro.com.ar\/sitio\/wp-json\/wp\/v2\/tags?post=55900"}],"curies":[{"name":"wp","href":"https:\/\/api.w.org\/{rel}","templated":true}]}}