{"id":5590,"date":"2016-06-20T18:58:02","date_gmt":"2016-06-20T21:58:02","guid":{"rendered":"https:\/\/eldiariodesanpedro.com.ar\/sitio\/?p=5590"},"modified":"2016-06-20T18:58:02","modified_gmt":"2016-06-20T21:58:02","slug":"una-moto-y-una-camioneta-chocaron","status":"publish","type":"post","link":"https:\/\/eldiariodesanpedro.com.ar\/sitio\/una-moto-y-una-camioneta-chocaron\/","title":{"rendered":"Una moto y una camioneta chocaron"},"content":{"rendered":"<p><!-- VideographyWP Plugin Message: Automatic video embedding prevented by plugin options. --><br \/>\nEn esta oportunidad una camioneta Chevrolet S10 y una moto marca Honda Tit\u00e1n 150 CC colisionaron por causas que se tratan de establecer.<br \/>\nComo consecuencia de ello, el motociclista un joven de 24 a\u00f1os de edad fue trasladado al Hospital por el Servicio de Emergencias 107 donde se determin\u00f3 que sufri\u00f3 heridas de consideraci\u00f3n leve. En tanto que el conductor del rodado mayor result\u00f3 ileso.<br \/>\nPersonal policial Cient\u00edfica San Nicol\u00e1s realiz\u00f3 pericias en el lugar del hecho.-  Interviene UFI N\u00ba 11 San Pedro la que caratul\u00f3 el hecho como lesiones culposas.<\/p>\n","protected":false},"excerpt":{"rendered":"<p>En esta oportunidad una camioneta Chevrolet S10 y una moto marca Honda Tit\u00e1n 150 CC colisionaron por causas que se tratan de establecer. Como consecuencia de ello, el motociclista un joven de 24 a\u00f1os de edad fue trasladado al Hospital por el Servicio de Emergencias 107 donde se determin\u00f3 que sufri\u00f3 heridas de consideraci\u00f3n leve. [&hellip;]<\/p>\n","protected":false},"author":4,"featured_media":5381,"comment_status":"open","ping_status":"closed","sticky":false,"template":"","format":"standard","meta":{"om_disable_all_campaigns":false,"_jetpack_memberships_contains_paid_content":false,"footnotes":""},"categories":[2,103],"tags":[],"class_list":["post-5590","post","type-post","status-publish","format-standard","has-post-thumbnail","hentry","category-locales","category-policiales-locales"],"aioseo_notices":[],"gutentor_comment":0,"jetpack_featured_media_url":"https:\/\/eldiariodesanpedro.com.ar\/sitio\/wp-content\/uploads\/2016\/06\/ambulancia_san_pedro.jpg","jetpack_shortlink":"https:\/\/wp.me\/p6RhLt-1sa","jetpack_sharing_enabled":true,"_links":{"self":[{"href":"https:\/\/eldiariodesanpedro.com.ar\/sitio\/wp-json\/wp\/v2\/posts\/5590","targetHints":{"allow":["GET"]}}],"collection":[{"href":"https:\/\/eldiariodesanpedro.com.ar\/sitio\/wp-json\/wp\/v2\/posts"}],"about":[{"href":"https:\/\/eldiariodesanpedro.com.ar\/sitio\/wp-json\/wp\/v2\/types\/post"}],"author":[{"embeddable":true,"href":"https:\/\/eldiariodesanpedro.com.ar\/sitio\/wp-json\/wp\/v2\/users\/4"}],"replies":[{"embeddable":true,"href":"https:\/\/eldiariodesanpedro.com.ar\/sitio\/wp-json\/wp\/v2\/comments?post=5590"}],"version-history":[{"count":1,"href":"https:\/\/eldiariodesanpedro.com.ar\/sitio\/wp-json\/wp\/v2\/posts\/5590\/revisions"}],"predecessor-version":[{"id":5591,"href":"https:\/\/eldiariodesanpedro.com.ar\/sitio\/wp-json\/wp\/v2\/posts\/5590\/revisions\/5591"}],"wp:featuredmedia":[{"embeddable":true,"href":"https:\/\/eldiariodesanpedro.com.ar\/sitio\/wp-json\/wp\/v2\/media\/5381"}],"wp:attachment":[{"href":"https:\/\/eldiariodesanpedro.com.ar\/sitio\/wp-json\/wp\/v2\/media?parent=5590"}],"wp:term":[{"taxonomy":"category","embeddable":true,"href":"https:\/\/eldiariodesanpedro.com.ar\/sitio\/wp-json\/wp\/v2\/categories?post=5590"},{"taxonomy":"post_tag","embeddable":true,"href":"https:\/\/eldiariodesanpedro.com.ar\/sitio\/wp-json\/wp\/v2\/tags?post=5590"}],"curies":[{"name":"wp","href":"https:\/\/api.w.org\/{rel}","templated":true}]}}