{"id":55897,"date":"2019-07-10T19:01:50","date_gmt":"2019-07-10T22:01:50","guid":{"rendered":"https:\/\/eldiariodesanpedro.com.ar\/sitio\/?p=55897"},"modified":"2019-07-10T19:01:55","modified_gmt":"2019-07-10T22:01:55","slug":"campana-solidaria-un-juguete-por-una-sonrisa","status":"publish","type":"post","link":"https:\/\/eldiariodesanpedro.com.ar\/sitio\/campana-solidaria-un-juguete-por-una-sonrisa\/","title":{"rendered":"Campa\u00f1a Solidaria: \u00abUn juguete por una sonrisa\u00bb"},"content":{"rendered":"<!-- VideographyWP Plugin Message: Automatic video embedding prevented by plugin options. -->\n\n<p>Mediante un comunicado la Instituci\u00f3n inform\u00f3 a los medios locales c\u00f3mo se realizar\u00e1 y de que se trata la campa\u00f1a. A partir del 15 de julio podr\u00e1n se recibir\u00e1n las donaciones.<\/p>\n\n\n\n<p>\u00abEste Dia del Ni\u00f1o somos part\u00edcipes de una iniciativa m\u00e1s para compartir nuestras acciones con la comunidad. Ponemos en marcha una campa\u00f1a para llevar juguetes a los ni\u00f1os de la Escuela 18. Sumaremos nuestro aporte y el de todos los que deseen ayudarnos acercando su colaboraci\u00f3n.<br><\/p>\n\n\n\n<p>Desde el lunes 15 recibimos en G\u00fcemes 48, juegos de mesa, juguetes, libros y lo que creas que puede darle una alegr\u00eda especial a un ni\u00f1o en su d\u00eda. Una nueva iniciativa de esas que realmente valen el esfuerzo. La campa\u00f1a de recepci\u00f3n ser\u00e1 hasta la semana previa al D\u00eda del Ni\u00f1o para luego realizar la entrega. Las entidades de CEMIBO har\u00e1n lo propio en cada una de sus ciudades\u00bb.<br><\/p>\n","protected":false},"excerpt":{"rendered":"<p>Mediante un comunicado la Instituci\u00f3n inform\u00f3 a los medios locales c\u00f3mo se realizar\u00e1 y de que se trata la campa\u00f1a. A partir del 15 de julio podr\u00e1n se recibir\u00e1n las donaciones. \u00abEste Dia del Ni\u00f1o somos part\u00edcipes de una iniciativa m\u00e1s para compartir nuestras acciones con la comunidad. Ponemos en marcha una campa\u00f1a para llevar [&hellip;]<\/p>\n","protected":false},"author":4,"featured_media":55898,"comment_status":"open","ping_status":"closed","sticky":false,"template":"","format":"standard","meta":{"om_disable_all_campaigns":false,"_jetpack_memberships_contains_paid_content":false,"footnotes":""},"categories":[50,101,2],"tags":[],"class_list":["post-55897","post","type-post","status-publish","format-standard","has-post-thumbnail","hentry","category-destacadas","category-interes-general-locales","category-locales"],"aioseo_notices":[],"gutentor_comment":0,"jetpack_featured_media_url":"https:\/\/eldiariodesanpedro.com.ar\/sitio\/wp-content\/uploads\/2019\/07\/WhatsApp-Image-2019-07-10-at-14.13.24.jpeg","jetpack_shortlink":"https:\/\/wp.me\/p6RhLt-exz","jetpack_sharing_enabled":true,"_links":{"self":[{"href":"https:\/\/eldiariodesanpedro.com.ar\/sitio\/wp-json\/wp\/v2\/posts\/55897","targetHints":{"allow":["GET"]}}],"collection":[{"href":"https:\/\/eldiariodesanpedro.com.ar\/sitio\/wp-json\/wp\/v2\/posts"}],"about":[{"href":"https:\/\/eldiariodesanpedro.com.ar\/sitio\/wp-json\/wp\/v2\/types\/post"}],"author":[{"embeddable":true,"href":"https:\/\/eldiariodesanpedro.com.ar\/sitio\/wp-json\/wp\/v2\/users\/4"}],"replies":[{"embeddable":true,"href":"https:\/\/eldiariodesanpedro.com.ar\/sitio\/wp-json\/wp\/v2\/comments?post=55897"}],"version-history":[{"count":1,"href":"https:\/\/eldiariodesanpedro.com.ar\/sitio\/wp-json\/wp\/v2\/posts\/55897\/revisions"}],"predecessor-version":[{"id":55899,"href":"https:\/\/eldiariodesanpedro.com.ar\/sitio\/wp-json\/wp\/v2\/posts\/55897\/revisions\/55899"}],"wp:featuredmedia":[{"embeddable":true,"href":"https:\/\/eldiariodesanpedro.com.ar\/sitio\/wp-json\/wp\/v2\/media\/55898"}],"wp:attachment":[{"href":"https:\/\/eldiariodesanpedro.com.ar\/sitio\/wp-json\/wp\/v2\/media?parent=55897"}],"wp:term":[{"taxonomy":"category","embeddable":true,"href":"https:\/\/eldiariodesanpedro.com.ar\/sitio\/wp-json\/wp\/v2\/categories?post=55897"},{"taxonomy":"post_tag","embeddable":true,"href":"https:\/\/eldiariodesanpedro.com.ar\/sitio\/wp-json\/wp\/v2\/tags?post=55897"}],"curies":[{"name":"wp","href":"https:\/\/api.w.org\/{rel}","templated":true}]}}