{"id":55894,"date":"2019-07-10T18:51:37","date_gmt":"2019-07-10T21:51:37","guid":{"rendered":"https:\/\/eldiariodesanpedro.com.ar\/sitio\/?p=55894"},"modified":"2019-07-10T18:51:41","modified_gmt":"2019-07-10T21:51:41","slug":"el-municipio-ya-interopera-con-la-apn-y-desde-julio-es-autoridad-de-firma-digital","status":"publish","type":"post","link":"https:\/\/eldiariodesanpedro.com.ar\/sitio\/el-municipio-ya-interopera-con-la-apn-y-desde-julio-es-autoridad-de-firma-digital\/","title":{"rendered":"El Municipio ya interopera con la APN y desde julio es autoridad de Firma Digital"},"content":{"rendered":"<!-- VideographyWP Plugin Message: Automatic video embedding prevented by plugin options. -->\n\n<p>A un a\u00f1o de la implementaci\u00f3n del Sistema GDE (Gesti\u00f3n Documental Electr\u00f3nica) en la Municipalidad de San Pedro, se incorpor\u00f3 recientemente la funci\u00f3n de interoperabilidad entre sistemas con todos los organismos del Poder Ejecutivo Nacional, para enviar documentaci\u00f3n con Firma Digital.<br><\/p>\n\n\n\n<p>Esta herramienta permite agilizar el trabajo en conjunto con la Administraci\u00f3n P\u00fablica Nacional, reducir tiempos y ahorrar recursos para la gesti\u00f3n de tr\u00e1mites, como as\u00ed tambi\u00e9n dar mayor seguridad al tratamiento de la informaci\u00f3n.<\/p>\n\n\n\n<p>La tarea de interoperabilidad se inici\u00f3 con gestiones del Intendente Municipal Cecilio Salazar enviando documentos con su Firma Digital a los Ministerios del Interior y de Transporte.<\/p>\n\n\n\n<p>Adem\u00e1s, desde el mes de julio la Municipalidad de San Pedro se convirti\u00f3 en Autoridad de Registro de Firma Digital, siendo desde ahora un centro de referencia en la zona para la tramitaci\u00f3n de certificados para dispositivos criptogr\u00e1ficos (Token) de los funcionarios de todos los organismos que requieran su utilizaci\u00f3n. <\/p>\n\n\n\n<p>M\u00e1s informaci\u00f3n para tramitaciones: firmadigital@sanpedro.gob.ar<\/p>\n","protected":false},"excerpt":{"rendered":"<p>A un a\u00f1o de la implementaci\u00f3n del Sistema GDE (Gesti\u00f3n Documental Electr\u00f3nica) en la Municipalidad de San Pedro, se incorpor\u00f3 recientemente la funci\u00f3n de interoperabilidad entre sistemas con todos los organismos del Poder Ejecutivo Nacional, para enviar documentaci\u00f3n con Firma Digital. Esta herramienta permite agilizar el trabajo en conjunto con la Administraci\u00f3n P\u00fablica Nacional, reducir [&hellip;]<\/p>\n","protected":false},"author":4,"featured_media":55895,"comment_status":"open","ping_status":"closed","sticky":false,"template":"","format":"standard","meta":{"om_disable_all_campaigns":false,"_jetpack_memberships_contains_paid_content":false,"footnotes":""},"categories":[101,2],"tags":[],"class_list":["post-55894","post","type-post","status-publish","format-standard","has-post-thumbnail","hentry","category-interes-general-locales","category-locales"],"aioseo_notices":[],"gutentor_comment":0,"jetpack_featured_media_url":"https:\/\/eldiariodesanpedro.com.ar\/sitio\/wp-content\/uploads\/2019\/07\/PAGINA-4-DOS.jpg","jetpack_shortlink":"https:\/\/wp.me\/p6RhLt-exw","jetpack_sharing_enabled":true,"_links":{"self":[{"href":"https:\/\/eldiariodesanpedro.com.ar\/sitio\/wp-json\/wp\/v2\/posts\/55894","targetHints":{"allow":["GET"]}}],"collection":[{"href":"https:\/\/eldiariodesanpedro.com.ar\/sitio\/wp-json\/wp\/v2\/posts"}],"about":[{"href":"https:\/\/eldiariodesanpedro.com.ar\/sitio\/wp-json\/wp\/v2\/types\/post"}],"author":[{"embeddable":true,"href":"https:\/\/eldiariodesanpedro.com.ar\/sitio\/wp-json\/wp\/v2\/users\/4"}],"replies":[{"embeddable":true,"href":"https:\/\/eldiariodesanpedro.com.ar\/sitio\/wp-json\/wp\/v2\/comments?post=55894"}],"version-history":[{"count":1,"href":"https:\/\/eldiariodesanpedro.com.ar\/sitio\/wp-json\/wp\/v2\/posts\/55894\/revisions"}],"predecessor-version":[{"id":55896,"href":"https:\/\/eldiariodesanpedro.com.ar\/sitio\/wp-json\/wp\/v2\/posts\/55894\/revisions\/55896"}],"wp:featuredmedia":[{"embeddable":true,"href":"https:\/\/eldiariodesanpedro.com.ar\/sitio\/wp-json\/wp\/v2\/media\/55895"}],"wp:attachment":[{"href":"https:\/\/eldiariodesanpedro.com.ar\/sitio\/wp-json\/wp\/v2\/media?parent=55894"}],"wp:term":[{"taxonomy":"category","embeddable":true,"href":"https:\/\/eldiariodesanpedro.com.ar\/sitio\/wp-json\/wp\/v2\/categories?post=55894"},{"taxonomy":"post_tag","embeddable":true,"href":"https:\/\/eldiariodesanpedro.com.ar\/sitio\/wp-json\/wp\/v2\/tags?post=55894"}],"curies":[{"name":"wp","href":"https:\/\/api.w.org\/{rel}","templated":true}]}}