{"id":55889,"date":"2019-07-10T16:40:20","date_gmt":"2019-07-10T19:40:20","guid":{"rendered":"https:\/\/eldiariodesanpedro.com.ar\/sitio\/?p=55889"},"modified":"2019-07-10T16:40:24","modified_gmt":"2019-07-10T19:40:24","slug":"ramallo-el-paraiso-tuvo-su-fiesta-popular","status":"publish","type":"post","link":"https:\/\/eldiariodesanpedro.com.ar\/sitio\/ramallo-el-paraiso-tuvo-su-fiesta-popular\/","title":{"rendered":"RAMALLO: El Para\u00edso tuvo su fiesta popular"},"content":{"rendered":"<!-- VideographyWP Plugin Message: Automatic video embedding prevented by plugin options. -->\n\n<p>M\u00e1s de 10 mil personas participaron de los festejos por el D\u00eda de la Independencia, donde disfrutaron de la m\u00fasica, gastronom\u00eda y atracciones que estaban preparadas.<\/p>\n\n\n\n<p>Los festejos comenzaron con el desfile c\u00edvico- militar y de los Centros Tradicionalistas. El Ballet Horizonte realiz\u00f3 la apertura del evento. Como siempre demostraron su talento arriba de un imponente escenario.<\/p>\n\n\n\n<p>Los Hermanos Dom\u00ednguez levantaron al p\u00fablico con una m\u00fasica bien nuestra: el chamam\u00e9. Luego subi\u00f3 al escenario una nueva voz que asoma en el folclore de Ramallo: Nicol\u00e1s Fronti.<\/p>\n\n\n\n<p>El Decidor Juan\u00a0 Jos\u00e9 Mart\u00ednez y el Payador Iv\u00e1n Guere\u00f1u\u00a0 interpretaron vivencias gauchas.<\/p>\n\n\n\n<p>Y para el final la gran actuaci\u00f3n de Los Tekis con su show de fuego y carnaval. Un espect\u00e1culo de primer nivel que los ciudadanos de Ramallo y la regi\u00f3n, tambi\u00e9n hab\u00eda gente del gran Buenos Aires y de otras provincias,&nbsp; pudieron disfrutar de manera libre y gratuita.<\/p>\n\n\n\n<p>Para resaltar: m\u00e1s de 100 puestos de emprendedores, artesanos y gastron\u00f3micos\u00a0 vendieron todos sus productos. Uno de los objetivos de estas fiestas populares es reactivar la alica\u00edda econom\u00eda de los comerciantes y emprendedores.<\/p>\n\n\n\n<p>Fuente: Ramallo Informa<\/p>\n\n\n\n<figure class=\"wp-block-image\"><img decoding=\"async\" width=\"800\" height=\"450\" data-attachment-id=\"55892\" data-permalink=\"https:\/\/eldiariodesanpedro.com.ar\/sitio\/ramallo-el-paraiso-tuvo-su-fiesta-popular\/whatsapp-image-2019-07-10-at-10-00-27\/\" data-orig-file=\"https:\/\/eldiariodesanpedro.com.ar\/sitio\/wp-content\/uploads\/2019\/07\/WhatsApp-Image-2019-07-10-at-10.00.27.jpeg\" data-orig-size=\"800,450\" data-comments-opened=\"1\" data-image-meta=\"{&quot;aperture&quot;:&quot;0&quot;,&quot;credit&quot;:&quot;&quot;,&quot;camera&quot;:&quot;&quot;,&quot;caption&quot;:&quot;&quot;,&quot;created_timestamp&quot;:&quot;0&quot;,&quot;copyright&quot;:&quot;&quot;,&quot;focal_length&quot;:&quot;0&quot;,&quot;iso&quot;:&quot;0&quot;,&quot;shutter_speed&quot;:&quot;0&quot;,&quot;title&quot;:&quot;&quot;,&quot;orientation&quot;:&quot;0&quot;}\" data-image-title=\"WhatsApp-Image-2019-07-10-at-10.00.27\" data-image-description=\"\" data-image-caption=\"\" data-large-file=\"https:\/\/eldiariodesanpedro.com.ar\/sitio\/wp-content\/uploads\/2019\/07\/WhatsApp-Image-2019-07-10-at-10.00.27.jpeg\" data-src=\"https:\/\/eldiariodesanpedro.com.ar\/sitio\/wp-content\/uploads\/2019\/07\/WhatsApp-Image-2019-07-10-at-10.00.27.jpeg\" alt=\"\" class=\"wp-image-55892 lazyload\" data-srcset=\"https:\/\/eldiariodesanpedro.com.ar\/sitio\/wp-content\/uploads\/2019\/07\/WhatsApp-Image-2019-07-10-at-10.00.27.jpeg 800w, https:\/\/eldiariodesanpedro.com.ar\/sitio\/wp-content\/uploads\/2019\/07\/WhatsApp-Image-2019-07-10-at-10.00.27-300x169.jpeg 300w, https:\/\/eldiariodesanpedro.com.ar\/sitio\/wp-content\/uploads\/2019\/07\/WhatsApp-Image-2019-07-10-at-10.00.27-768x432.jpeg 768w\" data-sizes=\"(max-width: 800px) 100vw, 800px\" src=\"data:image\/svg+xml;base64,PHN2ZyB3aWR0aD0iMSIgaGVpZ2h0PSIxIiB4bWxucz0iaHR0cDovL3d3dy53My5vcmcvMjAwMC9zdmciPjwvc3ZnPg==\" style=\"--smush-placeholder-width: 800px; --smush-placeholder-aspect-ratio: 800\/450;\" \/><\/figure>\n\n\n\n<figure class=\"wp-block-image\"><img decoding=\"async\" width=\"800\" height=\"533\" data-attachment-id=\"55890\" data-permalink=\"https:\/\/eldiariodesanpedro.com.ar\/sitio\/ramallo-el-paraiso-tuvo-su-fiesta-popular\/whatsapp-image-2019-07-10-at-09-59-21\/\" data-orig-file=\"https:\/\/eldiariodesanpedro.com.ar\/sitio\/wp-content\/uploads\/2019\/07\/WhatsApp-Image-2019-07-10-at-09.59.21.jpeg\" data-orig-size=\"800,533\" data-comments-opened=\"1\" data-image-meta=\"{&quot;aperture&quot;:&quot;0&quot;,&quot;credit&quot;:&quot;&quot;,&quot;camera&quot;:&quot;&quot;,&quot;caption&quot;:&quot;&quot;,&quot;created_timestamp&quot;:&quot;0&quot;,&quot;copyright&quot;:&quot;&quot;,&quot;focal_length&quot;:&quot;0&quot;,&quot;iso&quot;:&quot;0&quot;,&quot;shutter_speed&quot;:&quot;0&quot;,&quot;title&quot;:&quot;&quot;,&quot;orientation&quot;:&quot;0&quot;}\" data-image-title=\"WhatsApp-Image-2019-07-10-at-09.59.21\" data-image-description=\"\" data-image-caption=\"\" data-large-file=\"https:\/\/eldiariodesanpedro.com.ar\/sitio\/wp-content\/uploads\/2019\/07\/WhatsApp-Image-2019-07-10-at-09.59.21.jpeg\" data-src=\"https:\/\/eldiariodesanpedro.com.ar\/sitio\/wp-content\/uploads\/2019\/07\/WhatsApp-Image-2019-07-10-at-09.59.21.jpeg\" alt=\"\" class=\"wp-image-55890 lazyload\" data-srcset=\"https:\/\/eldiariodesanpedro.com.ar\/sitio\/wp-content\/uploads\/2019\/07\/WhatsApp-Image-2019-07-10-at-09.59.21.jpeg 800w, https:\/\/eldiariodesanpedro.com.ar\/sitio\/wp-content\/uploads\/2019\/07\/WhatsApp-Image-2019-07-10-at-09.59.21-300x200.jpeg 300w, https:\/\/eldiariodesanpedro.com.ar\/sitio\/wp-content\/uploads\/2019\/07\/WhatsApp-Image-2019-07-10-at-09.59.21-768x512.jpeg 768w\" data-sizes=\"(max-width: 800px) 100vw, 800px\" src=\"data:image\/svg+xml;base64,PHN2ZyB3aWR0aD0iMSIgaGVpZ2h0PSIxIiB4bWxucz0iaHR0cDovL3d3dy53My5vcmcvMjAwMC9zdmciPjwvc3ZnPg==\" style=\"--smush-placeholder-width: 800px; --smush-placeholder-aspect-ratio: 800\/533;\" \/><\/figure>\n","protected":false},"excerpt":{"rendered":"<p>M\u00e1s de 10 mil personas participaron de los festejos por el D\u00eda de la Independencia, donde disfrutaron de la m\u00fasica, gastronom\u00eda y atracciones que estaban preparadas. Los festejos comenzaron con el desfile c\u00edvico- militar y de los Centros Tradicionalistas. El Ballet Horizonte realiz\u00f3 la apertura del evento. Como siempre demostraron su talento arriba de un [&hellip;]<\/p>\n","protected":false},"author":4,"featured_media":55891,"comment_status":"open","ping_status":"closed","sticky":false,"template":"","format":"standard","meta":{"om_disable_all_campaigns":false,"_jetpack_memberships_contains_paid_content":false,"footnotes":""},"categories":[621],"tags":[],"class_list":["post-55889","post","type-post","status-publish","format-standard","has-post-thumbnail","hentry","category-regionales"],"aioseo_notices":[],"gutentor_comment":1,"jetpack_featured_media_url":"https:\/\/eldiariodesanpedro.com.ar\/sitio\/wp-content\/uploads\/2019\/07\/WhatsApp-Image-2019-07-10-at-10.00.26.jpeg","jetpack_shortlink":"https:\/\/wp.me\/p6RhLt-exr","jetpack_sharing_enabled":true,"_links":{"self":[{"href":"https:\/\/eldiariodesanpedro.com.ar\/sitio\/wp-json\/wp\/v2\/posts\/55889","targetHints":{"allow":["GET"]}}],"collection":[{"href":"https:\/\/eldiariodesanpedro.com.ar\/sitio\/wp-json\/wp\/v2\/posts"}],"about":[{"href":"https:\/\/eldiariodesanpedro.com.ar\/sitio\/wp-json\/wp\/v2\/types\/post"}],"author":[{"embeddable":true,"href":"https:\/\/eldiariodesanpedro.com.ar\/sitio\/wp-json\/wp\/v2\/users\/4"}],"replies":[{"embeddable":true,"href":"https:\/\/eldiariodesanpedro.com.ar\/sitio\/wp-json\/wp\/v2\/comments?post=55889"}],"version-history":[{"count":1,"href":"https:\/\/eldiariodesanpedro.com.ar\/sitio\/wp-json\/wp\/v2\/posts\/55889\/revisions"}],"predecessor-version":[{"id":55893,"href":"https:\/\/eldiariodesanpedro.com.ar\/sitio\/wp-json\/wp\/v2\/posts\/55889\/revisions\/55893"}],"wp:featuredmedia":[{"embeddable":true,"href":"https:\/\/eldiariodesanpedro.com.ar\/sitio\/wp-json\/wp\/v2\/media\/55891"}],"wp:attachment":[{"href":"https:\/\/eldiariodesanpedro.com.ar\/sitio\/wp-json\/wp\/v2\/media?parent=55889"}],"wp:term":[{"taxonomy":"category","embeddable":true,"href":"https:\/\/eldiariodesanpedro.com.ar\/sitio\/wp-json\/wp\/v2\/categories?post=55889"},{"taxonomy":"post_tag","embeddable":true,"href":"https:\/\/eldiariodesanpedro.com.ar\/sitio\/wp-json\/wp\/v2\/tags?post=55889"}],"curies":[{"name":"wp","href":"https:\/\/api.w.org\/{rel}","templated":true}]}}