{"id":55886,"date":"2019-07-10T16:36:21","date_gmt":"2019-07-10T19:36:21","guid":{"rendered":"https:\/\/eldiariodesanpedro.com.ar\/sitio\/?p=55886"},"modified":"2019-07-10T16:36:25","modified_gmt":"2019-07-10T19:36:25","slug":"ramallo-los-hermanos-sean-unidos-porque-si-no-los-detienen","status":"publish","type":"post","link":"https:\/\/eldiariodesanpedro.com.ar\/sitio\/ramallo-los-hermanos-sean-unidos-porque-si-no-los-detienen\/","title":{"rendered":"RAMALLO: Los hermanos sean unidos, porque si no los detienen"},"content":{"rendered":"<!-- VideographyWP Plugin Message: Automatic video embedding prevented by plugin options. -->\n\n<p>Dos j\u00f3venes se trenzaron en una pelea callejera y terminaron detenidos por la Polic\u00eda.<\/p>\n\n\n\n<p>El s\u00e1bado a las 7 y media de la ma\u00f1ana, personal de la Estaci\u00f3n Comunal Primera fue alertado de un incidente en la esquina de Avenida San Mart\u00edn y Tucum\u00e1n, protagonizado por tres j\u00f3venes.<\/p>\n\n\n\n<p>Dos de ellos, identificados con 29 y 34 a\u00f1os de edad, fueron aprehendidos y trasladados al nosocomio m\u00e1s cercano para ser examinados por un m\u00e9dico ya que presentaban un comportamiento que pod\u00eda estar afectado por un estado de ebriedad. Se trata de dos hermanos que se trenzaron a golpes de pu\u00f1o por razones que a\u00fan se desconocen.<\/p>\n\n\n\n<p>En la escena, que alter\u00f3 el orden p\u00fablico, hab\u00eda un tercer sujeto que cuando vio llegar a la polic\u00eda se dio a la fuga.<\/p>\n\n\n\n<p>Tras comunicarse con el Dr. Garc\u00eda, del juzgado interviniente, se dispuso dar conocimiento al Defensor oficial de turno y labrar actuaciones de infracci\u00f3n a la ley 8031 en sus art\u00edculos 72 y 74. Los detenidos deber\u00e1n presentar declaraci\u00f3n indagatoria este jueves 11 a las 10 de la ma\u00f1ana.<\/p>\n\n\n\n<p>Fuente: Ramallo Informa<\/p>\n","protected":false},"excerpt":{"rendered":"<p>Dos j\u00f3venes se trenzaron en una pelea callejera y terminaron detenidos por la Polic\u00eda. El s\u00e1bado a las 7 y media de la ma\u00f1ana, personal de la Estaci\u00f3n Comunal Primera fue alertado de un incidente en la esquina de Avenida San Mart\u00edn y Tucum\u00e1n, protagonizado por tres j\u00f3venes. Dos de ellos, identificados con 29 y [&hellip;]<\/p>\n","protected":false},"author":4,"featured_media":55887,"comment_status":"open","ping_status":"closed","sticky":false,"template":"","format":"standard","meta":{"om_disable_all_campaigns":false,"_jetpack_memberships_contains_paid_content":false,"footnotes":""},"categories":[621],"tags":[],"class_list":["post-55886","post","type-post","status-publish","format-standard","has-post-thumbnail","hentry","category-regionales"],"aioseo_notices":[],"gutentor_comment":0,"jetpack_featured_media_url":"https:\/\/eldiariodesanpedro.com.ar\/sitio\/wp-content\/uploads\/2019\/07\/San-Martin-y-Tucuman.jpg","jetpack_shortlink":"https:\/\/wp.me\/p6RhLt-exo","jetpack_sharing_enabled":true,"_links":{"self":[{"href":"https:\/\/eldiariodesanpedro.com.ar\/sitio\/wp-json\/wp\/v2\/posts\/55886","targetHints":{"allow":["GET"]}}],"collection":[{"href":"https:\/\/eldiariodesanpedro.com.ar\/sitio\/wp-json\/wp\/v2\/posts"}],"about":[{"href":"https:\/\/eldiariodesanpedro.com.ar\/sitio\/wp-json\/wp\/v2\/types\/post"}],"author":[{"embeddable":true,"href":"https:\/\/eldiariodesanpedro.com.ar\/sitio\/wp-json\/wp\/v2\/users\/4"}],"replies":[{"embeddable":true,"href":"https:\/\/eldiariodesanpedro.com.ar\/sitio\/wp-json\/wp\/v2\/comments?post=55886"}],"version-history":[{"count":1,"href":"https:\/\/eldiariodesanpedro.com.ar\/sitio\/wp-json\/wp\/v2\/posts\/55886\/revisions"}],"predecessor-version":[{"id":55888,"href":"https:\/\/eldiariodesanpedro.com.ar\/sitio\/wp-json\/wp\/v2\/posts\/55886\/revisions\/55888"}],"wp:featuredmedia":[{"embeddable":true,"href":"https:\/\/eldiariodesanpedro.com.ar\/sitio\/wp-json\/wp\/v2\/media\/55887"}],"wp:attachment":[{"href":"https:\/\/eldiariodesanpedro.com.ar\/sitio\/wp-json\/wp\/v2\/media?parent=55886"}],"wp:term":[{"taxonomy":"category","embeddable":true,"href":"https:\/\/eldiariodesanpedro.com.ar\/sitio\/wp-json\/wp\/v2\/categories?post=55886"},{"taxonomy":"post_tag","embeddable":true,"href":"https:\/\/eldiariodesanpedro.com.ar\/sitio\/wp-json\/wp\/v2\/tags?post=55886"}],"curies":[{"name":"wp","href":"https:\/\/api.w.org\/{rel}","templated":true}]}}