{"id":55884,"date":"2019-07-10T16:34:11","date_gmt":"2019-07-10T19:34:11","guid":{"rendered":"https:\/\/eldiariodesanpedro.com.ar\/sitio\/?p=55884"},"modified":"2019-07-10T16:34:15","modified_gmt":"2019-07-10T19:34:15","slug":"comenzo-la-inscripcion-para-el-plan-fines","status":"publish","type":"post","link":"https:\/\/eldiariodesanpedro.com.ar\/sitio\/comenzo-la-inscripcion-para-el-plan-fines\/","title":{"rendered":"Comenz\u00f3 la inscripci\u00f3n para el plan FINES"},"content":{"rendered":"<!-- VideographyWP Plugin Message: Automatic video embedding prevented by plugin options. -->\n\n<p> Se inici\u00f3 este mi\u00e9rcoles la inscripci\u00f3n para el plan de terminalidad FINES, trayecto secundario.\u00a0<\/p>\n\n\n\n<p>Los interesados pueden presentarse, de 9 a 17, en la Jefatura Distrital de Educaci\u00f3n, ubicada en el primer piso del centro c\u00edvico, Ayacucho 272.\u00a0<br>Pueden inscribirse todos aquellos que hayan terminado sus estudios primarios o tengan parcialmente completo el secundario. Es requisito tener m\u00e1s de 18 a\u00f1os.Deber\u00e1n presentar fotocopia de documento, fotocopia de partida de nacimiento, CUIL y certificaci\u00f3n del nivel escolar que hayan completado.<\/p>\n\n\n\n<p>Se trata de un bachillerato con orientaci\u00f3n en ciencias sociales, que otorga un t\u00edtulo v\u00e1lido para continuar estudios terciarios o universitarios o solicitar empleo.\u00a0<\/p>\n\n\n\n<p>En la actualidad, hay 32 comisiones funcionando en el partido de San Pedro, funcionando en las localidades de Vuelta de Obligado, Gobernador Castro (y desde agosto R\u00edo Tala), en capillas y comisiones de fomento.\u00a0<br>Los estudiantes cursan tres veces por semana, y deben cumplir, en los tres a\u00f1os, el ochenta por ciento de asistencia.\u00a0<\/p>\n\n\n\n<p>Quienes hayan quedado adeudando materias, pueden conocer mayores detalles sobre el plan FINES espec\u00edfico para esos casos en la propia Jefatura de Inspecci\u00f3n. En este caso, tras ocho clases, se entrega un acta de ex\u00e1men para rendir en la escuela de origen. <\/p>\n","protected":false},"excerpt":{"rendered":"<p>Se inici\u00f3 este mi\u00e9rcoles la inscripci\u00f3n para el plan de terminalidad FINES, trayecto secundario.\u00a0 Los interesados pueden presentarse, de 9 a 17, en la Jefatura Distrital de Educaci\u00f3n, ubicada en el primer piso del centro c\u00edvico, Ayacucho 272.\u00a0Pueden inscribirse todos aquellos que hayan terminado sus estudios primarios o tengan parcialmente completo el secundario. Es requisito [&hellip;]<\/p>\n","protected":false},"author":4,"featured_media":47528,"comment_status":"open","ping_status":"closed","sticky":false,"template":"","format":"standard","meta":{"om_disable_all_campaigns":false,"_jetpack_memberships_contains_paid_content":false,"footnotes":""},"categories":[101,2],"tags":[],"class_list":["post-55884","post","type-post","status-publish","format-standard","has-post-thumbnail","hentry","category-interes-general-locales","category-locales"],"aioseo_notices":[],"gutentor_comment":0,"jetpack_featured_media_url":"https:\/\/eldiariodesanpedro.com.ar\/sitio\/wp-content\/uploads\/2019\/02\/Plan-Fines-1.jpg","jetpack_shortlink":"https:\/\/wp.me\/p6RhLt-exm","jetpack_sharing_enabled":true,"_links":{"self":[{"href":"https:\/\/eldiariodesanpedro.com.ar\/sitio\/wp-json\/wp\/v2\/posts\/55884","targetHints":{"allow":["GET"]}}],"collection":[{"href":"https:\/\/eldiariodesanpedro.com.ar\/sitio\/wp-json\/wp\/v2\/posts"}],"about":[{"href":"https:\/\/eldiariodesanpedro.com.ar\/sitio\/wp-json\/wp\/v2\/types\/post"}],"author":[{"embeddable":true,"href":"https:\/\/eldiariodesanpedro.com.ar\/sitio\/wp-json\/wp\/v2\/users\/4"}],"replies":[{"embeddable":true,"href":"https:\/\/eldiariodesanpedro.com.ar\/sitio\/wp-json\/wp\/v2\/comments?post=55884"}],"version-history":[{"count":1,"href":"https:\/\/eldiariodesanpedro.com.ar\/sitio\/wp-json\/wp\/v2\/posts\/55884\/revisions"}],"predecessor-version":[{"id":55885,"href":"https:\/\/eldiariodesanpedro.com.ar\/sitio\/wp-json\/wp\/v2\/posts\/55884\/revisions\/55885"}],"wp:featuredmedia":[{"embeddable":true,"href":"https:\/\/eldiariodesanpedro.com.ar\/sitio\/wp-json\/wp\/v2\/media\/47528"}],"wp:attachment":[{"href":"https:\/\/eldiariodesanpedro.com.ar\/sitio\/wp-json\/wp\/v2\/media?parent=55884"}],"wp:term":[{"taxonomy":"category","embeddable":true,"href":"https:\/\/eldiariodesanpedro.com.ar\/sitio\/wp-json\/wp\/v2\/categories?post=55884"},{"taxonomy":"post_tag","embeddable":true,"href":"https:\/\/eldiariodesanpedro.com.ar\/sitio\/wp-json\/wp\/v2\/tags?post=55884"}],"curies":[{"name":"wp","href":"https:\/\/api.w.org\/{rel}","templated":true}]}}