{"id":55881,"date":"2019-07-10T16:32:41","date_gmt":"2019-07-10T19:32:41","guid":{"rendered":"https:\/\/eldiariodesanpedro.com.ar\/sitio\/?p=55881"},"modified":"2019-07-10T16:32:46","modified_gmt":"2019-07-10T19:32:46","slug":"baradero-la-fiesta-del-locro-y-la-empanada-fue-todo-un-exito-expreso-marcos-barlatay","status":"publish","type":"post","link":"https:\/\/eldiariodesanpedro.com.ar\/sitio\/baradero-la-fiesta-del-locro-y-la-empanada-fue-todo-un-exito-expreso-marcos-barlatay\/","title":{"rendered":"BARADERO: \u00abLa fiesta del locro y la empanada fue todo un \u00e9xito\u00bb expres\u00f3 Marcos Barlatay"},"content":{"rendered":"<!-- VideographyWP Plugin Message: Automatic video embedding prevented by plugin options. -->\n\n<p>Dialogamos en la ma\u00f1ana de la radio con el Secretario de Cultura, Educaci\u00f3n, deporte y Turismo de la Municipalidad \u00a0Marcos Barlatay, sobre los festejos del 9 de julio en la localidad de Alsina.<\/p>\n\n\n\n<p>Much\u00edsima gente asisti\u00f3 ayer a la localidad de Alsina a la fiesta del locro y la empanada, la gente bailo, disfruto, los artesanos trabajaron mucho, se vendi\u00f3 todo el locro, fue un \u00e9xito.<\/p>\n\n\n\n<p>La fiesta trajo mucha gente que ven\u00eda por primera vez y quedo encantada con lo vivido.<\/p>\n\n\n\n<p>El 25 de julio celebramos el aniversario de la ciudad.<br>El \u00a024 entrega de \u00d3rdenes en el Teatro Colon<br>El 25 a las 11 hs acto oficial en plaza mitre<br>A partir del jueves estar\u00e1 la feria en la plaza, grupos musicales.<br><\/p>\n\n\n\n<p>Dependemos del clima para la organizaci\u00f3n. Vamos a evaluar hasta \u00faltimo momento el lugar y los espect\u00e1culos de la celebraci\u00f3n.<\/p>\n","protected":false},"excerpt":{"rendered":"<p>Dialogamos en la ma\u00f1ana de la radio con el Secretario de Cultura, Educaci\u00f3n, deporte y Turismo de la Municipalidad \u00a0Marcos Barlatay, sobre los festejos del 9 de julio en la localidad de Alsina. Much\u00edsima gente asisti\u00f3 ayer a la localidad de Alsina a la fiesta del locro y la empanada, la gente bailo, disfruto, los [&hellip;]<\/p>\n","protected":false},"author":4,"featured_media":55882,"comment_status":"open","ping_status":"closed","sticky":false,"template":"","format":"standard","meta":{"om_disable_all_campaigns":false,"_jetpack_memberships_contains_paid_content":false,"footnotes":""},"categories":[621],"tags":[],"class_list":["post-55881","post","type-post","status-publish","format-standard","has-post-thumbnail","hentry","category-regionales"],"aioseo_notices":[],"gutentor_comment":0,"jetpack_featured_media_url":"https:\/\/eldiariodesanpedro.com.ar\/sitio\/wp-content\/uploads\/2019\/07\/Alsina.jpg","jetpack_shortlink":"https:\/\/wp.me\/p6RhLt-exj","jetpack_sharing_enabled":true,"_links":{"self":[{"href":"https:\/\/eldiariodesanpedro.com.ar\/sitio\/wp-json\/wp\/v2\/posts\/55881","targetHints":{"allow":["GET"]}}],"collection":[{"href":"https:\/\/eldiariodesanpedro.com.ar\/sitio\/wp-json\/wp\/v2\/posts"}],"about":[{"href":"https:\/\/eldiariodesanpedro.com.ar\/sitio\/wp-json\/wp\/v2\/types\/post"}],"author":[{"embeddable":true,"href":"https:\/\/eldiariodesanpedro.com.ar\/sitio\/wp-json\/wp\/v2\/users\/4"}],"replies":[{"embeddable":true,"href":"https:\/\/eldiariodesanpedro.com.ar\/sitio\/wp-json\/wp\/v2\/comments?post=55881"}],"version-history":[{"count":1,"href":"https:\/\/eldiariodesanpedro.com.ar\/sitio\/wp-json\/wp\/v2\/posts\/55881\/revisions"}],"predecessor-version":[{"id":55883,"href":"https:\/\/eldiariodesanpedro.com.ar\/sitio\/wp-json\/wp\/v2\/posts\/55881\/revisions\/55883"}],"wp:featuredmedia":[{"embeddable":true,"href":"https:\/\/eldiariodesanpedro.com.ar\/sitio\/wp-json\/wp\/v2\/media\/55882"}],"wp:attachment":[{"href":"https:\/\/eldiariodesanpedro.com.ar\/sitio\/wp-json\/wp\/v2\/media?parent=55881"}],"wp:term":[{"taxonomy":"category","embeddable":true,"href":"https:\/\/eldiariodesanpedro.com.ar\/sitio\/wp-json\/wp\/v2\/categories?post=55881"},{"taxonomy":"post_tag","embeddable":true,"href":"https:\/\/eldiariodesanpedro.com.ar\/sitio\/wp-json\/wp\/v2\/tags?post=55881"}],"curies":[{"name":"wp","href":"https:\/\/api.w.org\/{rel}","templated":true}]}}