{"id":55878,"date":"2019-07-10T16:18:11","date_gmt":"2019-07-10T19:18:11","guid":{"rendered":"https:\/\/eldiariodesanpedro.com.ar\/sitio\/?p=55878"},"modified":"2019-07-10T16:18:15","modified_gmt":"2019-07-10T19:18:15","slug":"aquellas-canciones-en-la-biblioteca-popular","status":"publish","type":"post","link":"https:\/\/eldiariodesanpedro.com.ar\/sitio\/aquellas-canciones-en-la-biblioteca-popular\/","title":{"rendered":"\u00abAquellas Canciones\u00bb en la Biblioteca Popular"},"content":{"rendered":"<!-- VideographyWP Plugin Message: Automatic video embedding prevented by plugin options. -->\n\n<p>El pr\u00f3ximo s\u00e1bado 13 de julio a las 20:30 h, R\u00faben Rasio se presenta junto a Gustavo Retamozo con \u00abAquellas canciones\u00bb, un recorrido por obras que marcaron una \u00e9poca, boleros, canciones, folklore latinoamericano, tango.<\/p>\n\n\n\n<p>Adem\u00e1s actuar\u00e1 el ballet folcl\u00f3rico de Santa Luc\u00eda,\u00a0 \u00abCoraz\u00f3n de mi pueblo\u00bb con la direcci\u00f3n del profesor Daniel Toledo. Entrada $150. Anticipadas en la Biblioteca Popular Rafael Obligado, en Mitre 460, de 13 a 19 h <\/p>\n","protected":false},"excerpt":{"rendered":"<p>El pr\u00f3ximo s\u00e1bado 13 de julio a las 20:30 h, R\u00faben Rasio se presenta junto a Gustavo Retamozo con \u00abAquellas canciones\u00bb, un recorrido por obras que marcaron una \u00e9poca, boleros, canciones, folklore latinoamericano, tango. Adem\u00e1s actuar\u00e1 el ballet folcl\u00f3rico de Santa Luc\u00eda,\u00a0 \u00abCoraz\u00f3n de mi pueblo\u00bb con la direcci\u00f3n del profesor Daniel Toledo. Entrada $150. [&hellip;]<\/p>\n","protected":false},"author":4,"featured_media":55879,"comment_status":"open","ping_status":"closed","sticky":false,"template":"","format":"standard","meta":{"om_disable_all_campaigns":false,"_jetpack_memberships_contains_paid_content":false,"footnotes":""},"categories":[101,2],"tags":[],"class_list":["post-55878","post","type-post","status-publish","format-standard","has-post-thumbnail","hentry","category-interes-general-locales","category-locales"],"aioseo_notices":[],"gutentor_comment":0,"jetpack_featured_media_url":"https:\/\/eldiariodesanpedro.com.ar\/sitio\/wp-content\/uploads\/2019\/07\/rasio.jpg","jetpack_shortlink":"https:\/\/wp.me\/p6RhLt-exg","jetpack_sharing_enabled":true,"_links":{"self":[{"href":"https:\/\/eldiariodesanpedro.com.ar\/sitio\/wp-json\/wp\/v2\/posts\/55878","targetHints":{"allow":["GET"]}}],"collection":[{"href":"https:\/\/eldiariodesanpedro.com.ar\/sitio\/wp-json\/wp\/v2\/posts"}],"about":[{"href":"https:\/\/eldiariodesanpedro.com.ar\/sitio\/wp-json\/wp\/v2\/types\/post"}],"author":[{"embeddable":true,"href":"https:\/\/eldiariodesanpedro.com.ar\/sitio\/wp-json\/wp\/v2\/users\/4"}],"replies":[{"embeddable":true,"href":"https:\/\/eldiariodesanpedro.com.ar\/sitio\/wp-json\/wp\/v2\/comments?post=55878"}],"version-history":[{"count":1,"href":"https:\/\/eldiariodesanpedro.com.ar\/sitio\/wp-json\/wp\/v2\/posts\/55878\/revisions"}],"predecessor-version":[{"id":55880,"href":"https:\/\/eldiariodesanpedro.com.ar\/sitio\/wp-json\/wp\/v2\/posts\/55878\/revisions\/55880"}],"wp:featuredmedia":[{"embeddable":true,"href":"https:\/\/eldiariodesanpedro.com.ar\/sitio\/wp-json\/wp\/v2\/media\/55879"}],"wp:attachment":[{"href":"https:\/\/eldiariodesanpedro.com.ar\/sitio\/wp-json\/wp\/v2\/media?parent=55878"}],"wp:term":[{"taxonomy":"category","embeddable":true,"href":"https:\/\/eldiariodesanpedro.com.ar\/sitio\/wp-json\/wp\/v2\/categories?post=55878"},{"taxonomy":"post_tag","embeddable":true,"href":"https:\/\/eldiariodesanpedro.com.ar\/sitio\/wp-json\/wp\/v2\/tags?post=55878"}],"curies":[{"name":"wp","href":"https:\/\/api.w.org\/{rel}","templated":true}]}}