{"id":55874,"date":"2019-07-10T16:15:11","date_gmt":"2019-07-10T19:15:11","guid":{"rendered":"https:\/\/eldiariodesanpedro.com.ar\/sitio\/?p=55874"},"modified":"2019-07-10T16:15:11","modified_gmt":"2019-07-10T19:15:11","slug":"ioma-informa-se-simplifican-las-gestiones-para-afiliados-con-discapacidad","status":"publish","type":"post","link":"https:\/\/eldiariodesanpedro.com.ar\/sitio\/ioma-informa-se-simplifican-las-gestiones-para-afiliados-con-discapacidad\/","title":{"rendered":"IOMA INFORMA: Se simplifican las gestiones para afiliados con discapacidad"},"content":{"rendered":"<!-- VideographyWP Plugin Message: Automatic video embedding prevented by plugin options. -->\n\n<p>A partir de este mi\u00e9rcoles 10 de julio, los afiliados con discapacidad solo deber\u00e1n acreditar su identidad para dar curso a sus gestiones y ya no ser\u00e1 necesario presentar el\u00a0<strong>CUD<\/strong>\u00a0(Certificado \u00danico de Discapacidad). Mientras que dicho Certificado se encuentre dentro del per\u00edodo de validez que establece la ANDIS, todas las gestiones que el afiliado deba realizar en IOMA podr\u00e1n iniciarse solamente con la acreditaci\u00f3n de su identidad (con DNI).\u00a0<\/p>\n\n\n\n<p>Esta iniciativa va en l\u00ednea con la transformaci\u00f3n del Instituto y las pol\u00edticas de transparencia, modernizaci\u00f3n y despapelizaci\u00f3n que viene llevando adelante IOMA y que permiten agilizar y simplificar las gestiones que realizan sus afiliados.<\/p>\n\n\n\n<p>La decisi\u00f3n forma parte de un convenio rubricado por&nbsp;<strong>Pablo Di Liscia<\/strong>, presidente de IOMA, y&nbsp;<strong>Santiago Ibarzabal<\/strong>, Director Ejecutivo de la Agencia Nacional de Discapacidad, organismo que fomenta el desarrollo y la aplicaci\u00f3n de pol\u00edticas que consolidan los derechos de las personas con discapacidad, potenciando la transformaci\u00f3n social y la inclusi\u00f3n.<\/p>\n\n\n\n<p>La implementaci\u00f3n de este acuerdo se traduce en una considerable simplificaci\u00f3n de los requisitos que se solicitan a los afiliados a la hora de iniciar una solicitud.<\/p>\n\n\n\n<p>En este campo, la obra social bonaerense ofrece una amplia cobertura que incluye provisi\u00f3n de pr\u00f3tesis y ortesis, rehabilitaci\u00f3n, escuelas especiales y traslados, entre otras.<\/p>\n","protected":false},"excerpt":{"rendered":"<p>A partir de este mi\u00e9rcoles 10 de julio, los afiliados con discapacidad solo deber\u00e1n acreditar su identidad para dar curso a sus gestiones y ya no ser\u00e1 necesario presentar el\u00a0CUD\u00a0(Certificado \u00danico de Discapacidad). Mientras que dicho Certificado se encuentre dentro del per\u00edodo de validez que establece la ANDIS, todas las gestiones que el afiliado deba [&hellip;]<\/p>\n","protected":false},"author":4,"featured_media":28164,"comment_status":"open","ping_status":"closed","sticky":false,"template":"","format":"standard","meta":{"om_disable_all_campaigns":false,"_jetpack_memberships_contains_paid_content":false,"footnotes":""},"categories":[101,2],"tags":[],"class_list":["post-55874","post","type-post","status-publish","format-standard","has-post-thumbnail","hentry","category-interes-general-locales","category-locales"],"aioseo_notices":[],"gutentor_comment":0,"jetpack_featured_media_url":"https:\/\/eldiariodesanpedro.com.ar\/sitio\/wp-content\/uploads\/2018\/01\/IOMA-credencial-voluntarios-.jpg","jetpack_shortlink":"https:\/\/wp.me\/p6RhLt-exc","jetpack_sharing_enabled":true,"_links":{"self":[{"href":"https:\/\/eldiariodesanpedro.com.ar\/sitio\/wp-json\/wp\/v2\/posts\/55874","targetHints":{"allow":["GET"]}}],"collection":[{"href":"https:\/\/eldiariodesanpedro.com.ar\/sitio\/wp-json\/wp\/v2\/posts"}],"about":[{"href":"https:\/\/eldiariodesanpedro.com.ar\/sitio\/wp-json\/wp\/v2\/types\/post"}],"author":[{"embeddable":true,"href":"https:\/\/eldiariodesanpedro.com.ar\/sitio\/wp-json\/wp\/v2\/users\/4"}],"replies":[{"embeddable":true,"href":"https:\/\/eldiariodesanpedro.com.ar\/sitio\/wp-json\/wp\/v2\/comments?post=55874"}],"version-history":[{"count":1,"href":"https:\/\/eldiariodesanpedro.com.ar\/sitio\/wp-json\/wp\/v2\/posts\/55874\/revisions"}],"predecessor-version":[{"id":55877,"href":"https:\/\/eldiariodesanpedro.com.ar\/sitio\/wp-json\/wp\/v2\/posts\/55874\/revisions\/55877"}],"wp:featuredmedia":[{"embeddable":true,"href":"https:\/\/eldiariodesanpedro.com.ar\/sitio\/wp-json\/wp\/v2\/media\/28164"}],"wp:attachment":[{"href":"https:\/\/eldiariodesanpedro.com.ar\/sitio\/wp-json\/wp\/v2\/media?parent=55874"}],"wp:term":[{"taxonomy":"category","embeddable":true,"href":"https:\/\/eldiariodesanpedro.com.ar\/sitio\/wp-json\/wp\/v2\/categories?post=55874"},{"taxonomy":"post_tag","embeddable":true,"href":"https:\/\/eldiariodesanpedro.com.ar\/sitio\/wp-json\/wp\/v2\/tags?post=55874"}],"curies":[{"name":"wp","href":"https:\/\/api.w.org\/{rel}","templated":true}]}}