{"id":5587,"date":"2016-06-20T18:56:30","date_gmt":"2016-06-20T21:56:30","guid":{"rendered":"https:\/\/eldiariodesanpedro.com.ar\/sitio\/?p=5587"},"modified":"2016-06-20T18:56:30","modified_gmt":"2016-06-20T21:56:30","slug":"delincuentes-armados-robaron-a-dos-personas-dinero-en-efectivo","status":"publish","type":"post","link":"https:\/\/eldiariodesanpedro.com.ar\/sitio\/delincuentes-armados-robaron-a-dos-personas-dinero-en-efectivo\/","title":{"rendered":"Delincuentes armados robaron a dos personas dinero en efectivo"},"content":{"rendered":"<p><!-- VideographyWP Plugin Message: Automatic video embedding prevented by plugin options. --><br \/>\nEl il\u00edcito se produjo en la propiedad localizada en en Luci\u00f3 Masilla al 2000 el s\u00e1bado pasado. En ese lugar funciona un galp\u00f3n del rubro verduler\u00eda que estaba siendo cerrado por una pareja cuando dos delincuentes, a cara semidescubierta, los atracaron, los amedrentaron f\u00edsicamente con un arma de fuego y les robaron una cantidad de dinero en efectivo no precisada y se dieron a la fuga.<br \/>\nLa mujer sufri\u00f3 lesiones en su cabeza por la agresi\u00f3n provocada por los malvivientes.<br \/>\nPersonal policial ha comenzado la investigaci\u00f3n para dar con los autores del hecho.<\/p>\n","protected":false},"excerpt":{"rendered":"<p>El il\u00edcito se produjo en la propiedad localizada en en Luci\u00f3 Masilla al 2000 el s\u00e1bado pasado. En ese lugar funciona un galp\u00f3n del rubro verduler\u00eda que estaba siendo cerrado por una pareja cuando dos delincuentes, a cara semidescubierta, los atracaron, los amedrentaron f\u00edsicamente con un arma de fuego y les robaron una cantidad de [&hellip;]<\/p>\n","protected":false},"author":4,"featured_media":5588,"comment_status":"open","ping_status":"closed","sticky":false,"template":"","format":"standard","meta":{"om_disable_all_campaigns":false,"_jetpack_memberships_contains_paid_content":false,"footnotes":""},"categories":[2,103],"tags":[],"class_list":["post-5587","post","type-post","status-publish","format-standard","has-post-thumbnail","hentry","category-locales","category-policiales-locales"],"aioseo_notices":[],"gutentor_comment":0,"jetpack_featured_media_url":"https:\/\/eldiariodesanpedro.com.ar\/sitio\/wp-content\/uploads\/2016\/06\/patrulla-policia-1.jpg","jetpack_shortlink":"https:\/\/wp.me\/p6RhLt-1s7","jetpack_sharing_enabled":true,"_links":{"self":[{"href":"https:\/\/eldiariodesanpedro.com.ar\/sitio\/wp-json\/wp\/v2\/posts\/5587","targetHints":{"allow":["GET"]}}],"collection":[{"href":"https:\/\/eldiariodesanpedro.com.ar\/sitio\/wp-json\/wp\/v2\/posts"}],"about":[{"href":"https:\/\/eldiariodesanpedro.com.ar\/sitio\/wp-json\/wp\/v2\/types\/post"}],"author":[{"embeddable":true,"href":"https:\/\/eldiariodesanpedro.com.ar\/sitio\/wp-json\/wp\/v2\/users\/4"}],"replies":[{"embeddable":true,"href":"https:\/\/eldiariodesanpedro.com.ar\/sitio\/wp-json\/wp\/v2\/comments?post=5587"}],"version-history":[{"count":1,"href":"https:\/\/eldiariodesanpedro.com.ar\/sitio\/wp-json\/wp\/v2\/posts\/5587\/revisions"}],"predecessor-version":[{"id":5589,"href":"https:\/\/eldiariodesanpedro.com.ar\/sitio\/wp-json\/wp\/v2\/posts\/5587\/revisions\/5589"}],"wp:featuredmedia":[{"embeddable":true,"href":"https:\/\/eldiariodesanpedro.com.ar\/sitio\/wp-json\/wp\/v2\/media\/5588"}],"wp:attachment":[{"href":"https:\/\/eldiariodesanpedro.com.ar\/sitio\/wp-json\/wp\/v2\/media?parent=5587"}],"wp:term":[{"taxonomy":"category","embeddable":true,"href":"https:\/\/eldiariodesanpedro.com.ar\/sitio\/wp-json\/wp\/v2\/categories?post=5587"},{"taxonomy":"post_tag","embeddable":true,"href":"https:\/\/eldiariodesanpedro.com.ar\/sitio\/wp-json\/wp\/v2\/tags?post=5587"}],"curies":[{"name":"wp","href":"https:\/\/api.w.org\/{rel}","templated":true}]}}