{"id":55869,"date":"2019-07-10T10:23:56","date_gmt":"2019-07-10T13:23:56","guid":{"rendered":"https:\/\/eldiariodesanpedro.com.ar\/sitio\/?p=55869"},"modified":"2019-07-10T10:29:47","modified_gmt":"2019-07-10T13:29:47","slug":"robaron-un-golf-modelo-97-patente-axb-857","status":"publish","type":"post","link":"https:\/\/eldiariodesanpedro.com.ar\/sitio\/robaron-un-golf-modelo-97-patente-axb-857\/","title":{"rendered":"Robaron un Golf modelo 97, patente AXB 857"},"content":{"rendered":"<!-- VideographyWP Plugin Message: Automatic video embedding prevented by plugin options. -->\n\n<p>El hecho se produjo en la madrugada de este martes feriado, el propietario dej\u00f3 su auto estacionado en la v\u00eda p\u00fablica. Hasta el momento no fue encontrado el vehiculo.<\/p>\n\n\n\n<p>La denuncia la radic\u00f3 su propietario, un ciudadano de 30 a\u00f1os de edad contando que en horas de la madrugada, entre las 2 y las 4:30 horas,  estaciona su Volkswagen Golf modelo 97 de color bord\u00f3,  patente AXB 857, sobre la Av. Boulevard Moreno y casi Mitre.<\/p>\n\n\n\n<p>Horas m\u00e1s tardes constat\u00f3 que delincuentes ignorados lograron sustraerlo.<\/p>\n\n\n\n<p>El denunciante pide la colaboraci\u00f3n de los ciudadanos a trav\u00e9s de las redes sociales para dar con el rodado.<\/p>\n\n\n\n<p><br><\/p>\n\n\n\n<p><br><\/p>\n","protected":false},"excerpt":{"rendered":"<p>El hecho se produjo en la madrugada de este martes feriado, el propietario dej\u00f3 su auto estacionado en la v\u00eda p\u00fablica. Hasta el momento no fue encontrado el vehiculo. La denuncia la radic\u00f3 su propietario, un ciudadano de 30 a\u00f1os de edad contando que en horas de la madrugada, entre las 2 y las 4:30 [&hellip;]<\/p>\n","protected":false},"author":4,"featured_media":55856,"comment_status":"open","ping_status":"closed","sticky":false,"template":"","format":"standard","meta":{"om_disable_all_campaigns":false,"_jetpack_memberships_contains_paid_content":false,"footnotes":""},"categories":[50,2,103],"tags":[],"class_list":["post-55869","post","type-post","status-publish","format-standard","has-post-thumbnail","hentry","category-destacadas","category-locales","category-policiales-locales"],"aioseo_notices":[],"gutentor_comment":0,"jetpack_featured_media_url":"https:\/\/eldiariodesanpedro.com.ar\/sitio\/wp-content\/uploads\/2019\/07\/WhatsApp-Image-2019-07-10-at-9.30.44-AM.jpeg","jetpack_shortlink":"https:\/\/wp.me\/p6RhLt-ex7","jetpack_sharing_enabled":true,"_links":{"self":[{"href":"https:\/\/eldiariodesanpedro.com.ar\/sitio\/wp-json\/wp\/v2\/posts\/55869","targetHints":{"allow":["GET"]}}],"collection":[{"href":"https:\/\/eldiariodesanpedro.com.ar\/sitio\/wp-json\/wp\/v2\/posts"}],"about":[{"href":"https:\/\/eldiariodesanpedro.com.ar\/sitio\/wp-json\/wp\/v2\/types\/post"}],"author":[{"embeddable":true,"href":"https:\/\/eldiariodesanpedro.com.ar\/sitio\/wp-json\/wp\/v2\/users\/4"}],"replies":[{"embeddable":true,"href":"https:\/\/eldiariodesanpedro.com.ar\/sitio\/wp-json\/wp\/v2\/comments?post=55869"}],"version-history":[{"count":2,"href":"https:\/\/eldiariodesanpedro.com.ar\/sitio\/wp-json\/wp\/v2\/posts\/55869\/revisions"}],"predecessor-version":[{"id":55873,"href":"https:\/\/eldiariodesanpedro.com.ar\/sitio\/wp-json\/wp\/v2\/posts\/55869\/revisions\/55873"}],"wp:featuredmedia":[{"embeddable":true,"href":"https:\/\/eldiariodesanpedro.com.ar\/sitio\/wp-json\/wp\/v2\/media\/55856"}],"wp:attachment":[{"href":"https:\/\/eldiariodesanpedro.com.ar\/sitio\/wp-json\/wp\/v2\/media?parent=55869"}],"wp:term":[{"taxonomy":"category","embeddable":true,"href":"https:\/\/eldiariodesanpedro.com.ar\/sitio\/wp-json\/wp\/v2\/categories?post=55869"},{"taxonomy":"post_tag","embeddable":true,"href":"https:\/\/eldiariodesanpedro.com.ar\/sitio\/wp-json\/wp\/v2\/tags?post=55869"}],"curies":[{"name":"wp","href":"https:\/\/api.w.org\/{rel}","templated":true}]}}