{"id":55863,"date":"2019-07-10T10:08:45","date_gmt":"2019-07-10T13:08:45","guid":{"rendered":"https:\/\/eldiariodesanpedro.com.ar\/sitio\/?p=55863"},"modified":"2019-07-10T10:08:49","modified_gmt":"2019-07-10T13:08:49","slug":"san-nicolas-cazadores-aprehendidos-con-siete-perros-galgos","status":"publish","type":"post","link":"https:\/\/eldiariodesanpedro.com.ar\/sitio\/san-nicolas-cazadores-aprehendidos-con-siete-perros-galgos\/","title":{"rendered":"SAN NICOL\u00c1S: Cazadores aprehendidos con siete perros galgos"},"content":{"rendered":"<!-- VideographyWP Plugin Message: Automatic video embedding prevented by plugin options. -->\n\n<p>Tres hombres provenientes de la localidad de Pergamino, fueron aprehendidos por realizar caza ilegal en zona rural. Personal del Destacamento de Conesa intervino y secuestr\u00f3 a los siete perros galgos que utilizaban.<\/p>\n\n\n\n<p>Los cazadores,hombres de 62, 59 y 56 a\u00f1os, fueron trasladados a sede policial donde se labraron las actuaciones por infracci\u00f3n al C\u00f3digo Rural.<\/p>\n\n\n\n<p>Interviene el Juzgado de Agroindustria. <\/p>\n\n\n\n<p>Fuente: Diario El Informante<\/p>\n","protected":false},"excerpt":{"rendered":"<p>Tres hombres provenientes de la localidad de Pergamino, fueron aprehendidos por realizar caza ilegal en zona rural. Personal del Destacamento de Conesa intervino y secuestr\u00f3 a los siete perros galgos que utilizaban. Los cazadores,hombres de 62, 59 y 56 a\u00f1os, fueron trasladados a sede policial donde se labraron las actuaciones por infracci\u00f3n al C\u00f3digo Rural. [&hellip;]<\/p>\n","protected":false},"author":4,"featured_media":55867,"comment_status":"open","ping_status":"closed","sticky":false,"template":"","format":"standard","meta":{"om_disable_all_campaigns":false,"_jetpack_memberships_contains_paid_content":false,"footnotes":""},"categories":[621],"tags":[],"class_list":["post-55863","post","type-post","status-publish","format-standard","has-post-thumbnail","hentry","category-regionales"],"aioseo_notices":[],"gutentor_comment":0,"jetpack_featured_media_url":"https:\/\/eldiariodesanpedro.com.ar\/sitio\/wp-content\/uploads\/2019\/07\/conmarca20964.jpg","jetpack_shortlink":"https:\/\/wp.me\/p6RhLt-ex1","jetpack_sharing_enabled":true,"_links":{"self":[{"href":"https:\/\/eldiariodesanpedro.com.ar\/sitio\/wp-json\/wp\/v2\/posts\/55863","targetHints":{"allow":["GET"]}}],"collection":[{"href":"https:\/\/eldiariodesanpedro.com.ar\/sitio\/wp-json\/wp\/v2\/posts"}],"about":[{"href":"https:\/\/eldiariodesanpedro.com.ar\/sitio\/wp-json\/wp\/v2\/types\/post"}],"author":[{"embeddable":true,"href":"https:\/\/eldiariodesanpedro.com.ar\/sitio\/wp-json\/wp\/v2\/users\/4"}],"replies":[{"embeddable":true,"href":"https:\/\/eldiariodesanpedro.com.ar\/sitio\/wp-json\/wp\/v2\/comments?post=55863"}],"version-history":[{"count":1,"href":"https:\/\/eldiariodesanpedro.com.ar\/sitio\/wp-json\/wp\/v2\/posts\/55863\/revisions"}],"predecessor-version":[{"id":55868,"href":"https:\/\/eldiariodesanpedro.com.ar\/sitio\/wp-json\/wp\/v2\/posts\/55863\/revisions\/55868"}],"wp:featuredmedia":[{"embeddable":true,"href":"https:\/\/eldiariodesanpedro.com.ar\/sitio\/wp-json\/wp\/v2\/media\/55867"}],"wp:attachment":[{"href":"https:\/\/eldiariodesanpedro.com.ar\/sitio\/wp-json\/wp\/v2\/media?parent=55863"}],"wp:term":[{"taxonomy":"category","embeddable":true,"href":"https:\/\/eldiariodesanpedro.com.ar\/sitio\/wp-json\/wp\/v2\/categories?post=55863"},{"taxonomy":"post_tag","embeddable":true,"href":"https:\/\/eldiariodesanpedro.com.ar\/sitio\/wp-json\/wp\/v2\/tags?post=55863"}],"curies":[{"name":"wp","href":"https:\/\/api.w.org\/{rel}","templated":true}]}}