{"id":55860,"date":"2019-07-10T10:06:02","date_gmt":"2019-07-10T13:06:02","guid":{"rendered":"https:\/\/eldiariodesanpedro.com.ar\/sitio\/?p=55860"},"modified":"2019-07-10T10:06:07","modified_gmt":"2019-07-10T13:06:07","slug":"san-nicolas-golpeo-a-su-hija-y-la-amenazo-con-un-cuchillo","status":"publish","type":"post","link":"https:\/\/eldiariodesanpedro.com.ar\/sitio\/san-nicolas-golpeo-a-su-hija-y-la-amenazo-con-un-cuchillo\/","title":{"rendered":"SAN NICOL\u00c1S: Golpe\u00f3 a su hija y la amenaz\u00f3 con un cuchillo"},"content":{"rendered":"<!-- VideographyWP Plugin Message: Automatic video embedding prevented by plugin options. -->\n\n<p>Personal del Comando de Patrullas fue alertado sobre un conflicto familiar ocurrido en una vivienda de calle 9 de Julio al 300. Al arribar al lugar fue aprehendido un hombre de 39 a\u00f1os quien en medio de una discusi\u00f3n con su hija de 14, la golpe\u00f3 provocando lesiones en el cuerpo de la adolescente. Adem\u00e1s de amenazarla de muertes con un cuchillo de cocina.<\/p>\n\n\n\n<p>Intervino la Comisar\u00eda de la Mujer y la Familia donde le tomaron declaraci\u00f3n testimonial a la v\u00edctima. La Agente Fiscal en turno, la Dra. Franca Padulo, dispuso que el aprehendido permanezca alojado en sede policial tras el cumplimiento de los requisitos legales.<\/p>\n\n\n\n<p>Se labraron actuaciones por lesiones y amenazas agravadas. <\/p>\n\n\n\n<p>Fuente: Diario El Informante<\/p>\n","protected":false},"excerpt":{"rendered":"<p>Personal del Comando de Patrullas fue alertado sobre un conflicto familiar ocurrido en una vivienda de calle 9 de Julio al 300. Al arribar al lugar fue aprehendido un hombre de 39 a\u00f1os quien en medio de una discusi\u00f3n con su hija de 14, la golpe\u00f3 provocando lesiones en el cuerpo de la adolescente. Adem\u00e1s [&hellip;]<\/p>\n","protected":false},"author":4,"featured_media":55861,"comment_status":"open","ping_status":"closed","sticky":false,"template":"","format":"standard","meta":{"om_disable_all_campaigns":false,"_jetpack_memberships_contains_paid_content":false,"footnotes":""},"categories":[621],"tags":[],"class_list":["post-55860","post","type-post","status-publish","format-standard","has-post-thumbnail","hentry","category-regionales"],"aioseo_notices":[],"gutentor_comment":0,"jetpack_featured_media_url":"https:\/\/eldiariodesanpedro.com.ar\/sitio\/wp-content\/uploads\/2019\/07\/no_jh6yjthpkosxy7ocomisaria_mujer.jpg","jetpack_shortlink":"https:\/\/wp.me\/p6RhLt-ewY","jetpack_sharing_enabled":true,"_links":{"self":[{"href":"https:\/\/eldiariodesanpedro.com.ar\/sitio\/wp-json\/wp\/v2\/posts\/55860","targetHints":{"allow":["GET"]}}],"collection":[{"href":"https:\/\/eldiariodesanpedro.com.ar\/sitio\/wp-json\/wp\/v2\/posts"}],"about":[{"href":"https:\/\/eldiariodesanpedro.com.ar\/sitio\/wp-json\/wp\/v2\/types\/post"}],"author":[{"embeddable":true,"href":"https:\/\/eldiariodesanpedro.com.ar\/sitio\/wp-json\/wp\/v2\/users\/4"}],"replies":[{"embeddable":true,"href":"https:\/\/eldiariodesanpedro.com.ar\/sitio\/wp-json\/wp\/v2\/comments?post=55860"}],"version-history":[{"count":1,"href":"https:\/\/eldiariodesanpedro.com.ar\/sitio\/wp-json\/wp\/v2\/posts\/55860\/revisions"}],"predecessor-version":[{"id":55862,"href":"https:\/\/eldiariodesanpedro.com.ar\/sitio\/wp-json\/wp\/v2\/posts\/55860\/revisions\/55862"}],"wp:featuredmedia":[{"embeddable":true,"href":"https:\/\/eldiariodesanpedro.com.ar\/sitio\/wp-json\/wp\/v2\/media\/55861"}],"wp:attachment":[{"href":"https:\/\/eldiariodesanpedro.com.ar\/sitio\/wp-json\/wp\/v2\/media?parent=55860"}],"wp:term":[{"taxonomy":"category","embeddable":true,"href":"https:\/\/eldiariodesanpedro.com.ar\/sitio\/wp-json\/wp\/v2\/categories?post=55860"},{"taxonomy":"post_tag","embeddable":true,"href":"https:\/\/eldiariodesanpedro.com.ar\/sitio\/wp-json\/wp\/v2\/tags?post=55860"}],"curies":[{"name":"wp","href":"https:\/\/api.w.org\/{rel}","templated":true}]}}