{"id":55844,"date":"2019-07-10T10:07:25","date_gmt":"2019-07-10T13:07:25","guid":{"rendered":"https:\/\/eldiariodesanpedro.com.ar\/sitio\/?p=55844"},"modified":"2019-07-10T10:08:01","modified_gmt":"2019-07-10T13:08:01","slug":"varios-aprehendidos-en-operativos-de-saturacion","status":"publish","type":"post","link":"https:\/\/eldiariodesanpedro.com.ar\/sitio\/varios-aprehendidos-en-operativos-de-saturacion\/","title":{"rendered":"Varios aprehendidos en Operativos de Saturaci\u00f3n"},"content":{"rendered":"<!-- VideographyWP Plugin Message: Automatic video embedding prevented by plugin options. -->\n\n<p>Durante la tarde del martes personal de comisar\u00eda y Jefatura Departamental San Nicolas GAD, trabajaron arduamente en realizaci\u00f3n a los reiterados operativos de identificaci\u00f3n de personas y rodados en distintos puntos y barrios de la ciudad, tambi\u00e9n en paraje La Tosquera.<\/p>\n\n\n\n<p>Los resultados fueron aprehendidos por tenencia de estupefacientes, 1 moto adulterada y 1 captura activa.<\/p>\n\n\n\n<p>1-\u00a0\u00a0\u00a0\u00a0Joven de 15 a\u00f1os de edad, aprehendido en Hermano Indio al 600, por poseer entre sus ropas pastillas y envoltorio marihuana. Alojado en la dependencia, notificaci\u00f3n y formaci\u00f3n de la causa interviniendo la UFI Joven 2. Entrega a su responsable.<\/p>\n\n\n\n<ul class=\"wp-block-gallery columns-1 is-cropped wp-block-gallery-1 is-layout-flex wp-block-gallery-is-layout-flex\"><li class=\"blocks-gallery-item\"><figure><img decoding=\"async\" width=\"1280\" height=\"720\" data-attachment-id=\"55850\" data-permalink=\"https:\/\/eldiariodesanpedro.com.ar\/sitio\/varios-aprehendidos-en-operativos-de-saturacion\/whatsapp-image-2019-07-10-at-9-02-37-am\/\" data-orig-file=\"https:\/\/eldiariodesanpedro.com.ar\/sitio\/wp-content\/uploads\/2019\/07\/WhatsApp-Image-2019-07-10-at-9.02.37-AM.jpeg\" data-orig-size=\"1280,720\" data-comments-opened=\"1\" data-image-meta=\"{&quot;aperture&quot;:&quot;0&quot;,&quot;credit&quot;:&quot;&quot;,&quot;camera&quot;:&quot;&quot;,&quot;caption&quot;:&quot;&quot;,&quot;created_timestamp&quot;:&quot;0&quot;,&quot;copyright&quot;:&quot;&quot;,&quot;focal_length&quot;:&quot;0&quot;,&quot;iso&quot;:&quot;0&quot;,&quot;shutter_speed&quot;:&quot;0&quot;,&quot;title&quot;:&quot;&quot;,&quot;orientation&quot;:&quot;0&quot;}\" data-image-title=\"WhatsApp Image 2019-07-10 at 9.02.37 AM\" data-image-description=\"\" data-image-caption=\"\" data-large-file=\"https:\/\/eldiariodesanpedro.com.ar\/sitio\/wp-content\/uploads\/2019\/07\/WhatsApp-Image-2019-07-10-at-9.02.37-AM-1024x576.jpeg\" data-src=\"https:\/\/i2.wp.com\/eldiariodesanpedro.com.ar\/sitio\/wp-content\/uploads\/2019\/07\/WhatsApp-Image-2019-07-10-at-9.02.37-AM.jpeg?fit=660%2C371\" alt=\"\" data-id=\"55850\" data-link=\"https:\/\/eldiariodesanpedro.com.ar\/sitio\/?attachment_id=55850\" class=\"wp-image-55850 lazyload\" data-srcset=\"https:\/\/eldiariodesanpedro.com.ar\/sitio\/wp-content\/uploads\/2019\/07\/WhatsApp-Image-2019-07-10-at-9.02.37-AM.jpeg 1280w, https:\/\/eldiariodesanpedro.com.ar\/sitio\/wp-content\/uploads\/2019\/07\/WhatsApp-Image-2019-07-10-at-9.02.37-AM-300x169.jpeg 300w, https:\/\/eldiariodesanpedro.com.ar\/sitio\/wp-content\/uploads\/2019\/07\/WhatsApp-Image-2019-07-10-at-9.02.37-AM-768x432.jpeg 768w, https:\/\/eldiariodesanpedro.com.ar\/sitio\/wp-content\/uploads\/2019\/07\/WhatsApp-Image-2019-07-10-at-9.02.37-AM-1024x576.jpeg 1024w\" data-sizes=\"(max-width: 1280px) 100vw, 1280px\" src=\"data:image\/svg+xml;base64,PHN2ZyB3aWR0aD0iMSIgaGVpZ2h0PSIxIiB4bWxucz0iaHR0cDovL3d3dy53My5vcmcvMjAwMC9zdmciPjwvc3ZnPg==\" style=\"--smush-placeholder-width: 1280px; --smush-placeholder-aspect-ratio: 1280\/720;\" \/><\/figure><\/li><\/ul>\n\n\n\n<p>2-\u00a0\u00a0\u00a0Joven de 18,  en calle Manuel Iglesias y D\u00e1vila, secuestr\u00e1ndosele en su poder envoltorio nylon transparente con tallos y hojas de marihuana. Interviene UFI N\u00ba5, notificaci\u00f3n de recaudos legales y posterior libertad.<\/p>\n\n\n\n<p>3-\u00a0\u00a0\u00a0\u00a0Joven de  23, en intersecci\u00f3n de 9 de Julio y Segundo Sombra, secuestr\u00e1ndosele bagullo marihuana, y elemento de picar. Interviene UFI N\u00ba5 con notificaci\u00f3n de recaudos legales y posterior libertad.<\/p>\n\n\n\n<figure class=\"wp-block-image\"><img decoding=\"async\" width=\"1024\" height=\"576\" data-attachment-id=\"55855\" data-permalink=\"https:\/\/eldiariodesanpedro.com.ar\/sitio\/varios-aprehendidos-en-operativos-de-saturacion\/whatsapp-image-2019-07-10-at-9-07-03-am\/\" data-orig-file=\"https:\/\/eldiariodesanpedro.com.ar\/sitio\/wp-content\/uploads\/2019\/07\/WhatsApp-Image-2019-07-10-at-9.07.03-AM.jpeg\" data-orig-size=\"1032,581\" data-comments-opened=\"1\" data-image-meta=\"{&quot;aperture&quot;:&quot;0&quot;,&quot;credit&quot;:&quot;&quot;,&quot;camera&quot;:&quot;&quot;,&quot;caption&quot;:&quot;&quot;,&quot;created_timestamp&quot;:&quot;0&quot;,&quot;copyright&quot;:&quot;&quot;,&quot;focal_length&quot;:&quot;0&quot;,&quot;iso&quot;:&quot;0&quot;,&quot;shutter_speed&quot;:&quot;0&quot;,&quot;title&quot;:&quot;&quot;,&quot;orientation&quot;:&quot;0&quot;}\" data-image-title=\"WhatsApp Image 2019-07-10 at 9.07.03 AM\" data-image-description=\"\" data-image-caption=\"\" data-large-file=\"https:\/\/eldiariodesanpedro.com.ar\/sitio\/wp-content\/uploads\/2019\/07\/WhatsApp-Image-2019-07-10-at-9.07.03-AM-1024x576.jpeg\" data-src=\"https:\/\/eldiariodesanpedro.com.ar\/sitio\/wp-content\/uploads\/2019\/07\/WhatsApp-Image-2019-07-10-at-9.07.03-AM-1024x576.jpeg\" alt=\"\" class=\"wp-image-55855 lazyload\" data-srcset=\"https:\/\/eldiariodesanpedro.com.ar\/sitio\/wp-content\/uploads\/2019\/07\/WhatsApp-Image-2019-07-10-at-9.07.03-AM-1024x576.jpeg 1024w, https:\/\/eldiariodesanpedro.com.ar\/sitio\/wp-content\/uploads\/2019\/07\/WhatsApp-Image-2019-07-10-at-9.07.03-AM-300x169.jpeg 300w, https:\/\/eldiariodesanpedro.com.ar\/sitio\/wp-content\/uploads\/2019\/07\/WhatsApp-Image-2019-07-10-at-9.07.03-AM-768x432.jpeg 768w, https:\/\/eldiariodesanpedro.com.ar\/sitio\/wp-content\/uploads\/2019\/07\/WhatsApp-Image-2019-07-10-at-9.07.03-AM.jpeg 1032w\" data-sizes=\"(max-width: 1024px) 100vw, 1024px\" src=\"data:image\/svg+xml;base64,PHN2ZyB3aWR0aD0iMSIgaGVpZ2h0PSIxIiB4bWxucz0iaHR0cDovL3d3dy53My5vcmcvMjAwMC9zdmciPjwvc3ZnPg==\" style=\"--smush-placeholder-width: 1024px; --smush-placeholder-aspect-ratio: 1024\/576;\" \/><\/figure>\n\n\n\n<p>Tambi\u00e9n en intersecci\u00f3n de las calles Hermano Indio y Saavedra se procedi\u00f3 a la aprehensi\u00f3n de otro joven de 18,  quien a momentos de su identificaci\u00f3n circulaba a bordo de una motocicleta 125cc con n\u00famero de chasis y motor adulterados.<\/p>\n\n\n\n<p> Se le secuestr\u00f3 adem\u00e1s un envoltorio nylon transparente con sustancia marihuana. Interviene la UFI N\u00ba5.<\/p>\n\n\n\n<ul class=\"wp-block-gallery columns-3 is-cropped wp-block-gallery-2 is-layout-flex wp-block-gallery-is-layout-flex\"><li class=\"blocks-gallery-item\"><figure><img decoding=\"async\" width=\"1024\" height=\"768\" data-attachment-id=\"55853\" data-permalink=\"https:\/\/eldiariodesanpedro.com.ar\/sitio\/varios-aprehendidos-en-operativos-de-saturacion\/whatsapp-image-2019-07-10-at-9-05-57-am\/\" data-orig-file=\"https:\/\/eldiariodesanpedro.com.ar\/sitio\/wp-content\/uploads\/2019\/07\/WhatsApp-Image-2019-07-10-at-9.05.57-AM.jpeg\" data-orig-size=\"1280,960\" data-comments-opened=\"1\" data-image-meta=\"{&quot;aperture&quot;:&quot;0&quot;,&quot;credit&quot;:&quot;&quot;,&quot;camera&quot;:&quot;&quot;,&quot;caption&quot;:&quot;&quot;,&quot;created_timestamp&quot;:&quot;0&quot;,&quot;copyright&quot;:&quot;&quot;,&quot;focal_length&quot;:&quot;0&quot;,&quot;iso&quot;:&quot;0&quot;,&quot;shutter_speed&quot;:&quot;0&quot;,&quot;title&quot;:&quot;&quot;,&quot;orientation&quot;:&quot;0&quot;}\" data-image-title=\"WhatsApp Image 2019-07-10 at 9.05.57 AM\" data-image-description=\"\" data-image-caption=\"\" data-large-file=\"https:\/\/eldiariodesanpedro.com.ar\/sitio\/wp-content\/uploads\/2019\/07\/WhatsApp-Image-2019-07-10-at-9.05.57-AM-1024x768.jpeg\" data-src=\"https:\/\/eldiariodesanpedro.com.ar\/sitio\/wp-content\/uploads\/2019\/07\/WhatsApp-Image-2019-07-10-at-9.05.57-AM-1024x768.jpeg\" alt=\"\" data-id=\"55853\" data-link=\"https:\/\/eldiariodesanpedro.com.ar\/sitio\/?attachment_id=55853\" class=\"wp-image-55853 lazyload\" data-srcset=\"https:\/\/eldiariodesanpedro.com.ar\/sitio\/wp-content\/uploads\/2019\/07\/WhatsApp-Image-2019-07-10-at-9.05.57-AM-1024x768.jpeg 1024w, https:\/\/eldiariodesanpedro.com.ar\/sitio\/wp-content\/uploads\/2019\/07\/WhatsApp-Image-2019-07-10-at-9.05.57-AM-300x225.jpeg 300w, https:\/\/eldiariodesanpedro.com.ar\/sitio\/wp-content\/uploads\/2019\/07\/WhatsApp-Image-2019-07-10-at-9.05.57-AM-768x576.jpeg 768w, https:\/\/eldiariodesanpedro.com.ar\/sitio\/wp-content\/uploads\/2019\/07\/WhatsApp-Image-2019-07-10-at-9.05.57-AM.jpeg 1280w\" data-sizes=\"(max-width: 1024px) 100vw, 1024px\" src=\"data:image\/svg+xml;base64,PHN2ZyB3aWR0aD0iMSIgaGVpZ2h0PSIxIiB4bWxucz0iaHR0cDovL3d3dy53My5vcmcvMjAwMC9zdmciPjwvc3ZnPg==\" style=\"--smush-placeholder-width: 1024px; --smush-placeholder-aspect-ratio: 1024\/768;\" \/><\/figure><\/li><li class=\"blocks-gallery-item\"><figure><img decoding=\"async\" width=\"768\" height=\"1024\" data-attachment-id=\"55852\" data-permalink=\"https:\/\/eldiariodesanpedro.com.ar\/sitio\/varios-aprehendidos-en-operativos-de-saturacion\/whatsapp-image-2019-07-10-at-9-05-57-am-2\/\" data-orig-file=\"https:\/\/eldiariodesanpedro.com.ar\/sitio\/wp-content\/uploads\/2019\/07\/WhatsApp-Image-2019-07-10-at-9.05.57-AM-2.jpeg\" data-orig-size=\"960,1280\" data-comments-opened=\"1\" data-image-meta=\"{&quot;aperture&quot;:&quot;0&quot;,&quot;credit&quot;:&quot;&quot;,&quot;camera&quot;:&quot;&quot;,&quot;caption&quot;:&quot;&quot;,&quot;created_timestamp&quot;:&quot;0&quot;,&quot;copyright&quot;:&quot;&quot;,&quot;focal_length&quot;:&quot;0&quot;,&quot;iso&quot;:&quot;0&quot;,&quot;shutter_speed&quot;:&quot;0&quot;,&quot;title&quot;:&quot;&quot;,&quot;orientation&quot;:&quot;0&quot;}\" data-image-title=\"WhatsApp Image 2019-07-10 at 9.05.57 AM (2)\" data-image-description=\"\" data-image-caption=\"\" data-large-file=\"https:\/\/eldiariodesanpedro.com.ar\/sitio\/wp-content\/uploads\/2019\/07\/WhatsApp-Image-2019-07-10-at-9.05.57-AM-2-768x1024.jpeg\" data-src=\"https:\/\/eldiariodesanpedro.com.ar\/sitio\/wp-content\/uploads\/2019\/07\/WhatsApp-Image-2019-07-10-at-9.05.57-AM-2-768x1024.jpeg\" alt=\"\" data-id=\"55852\" data-link=\"https:\/\/eldiariodesanpedro.com.ar\/sitio\/?attachment_id=55852\" class=\"wp-image-55852 lazyload\" data-srcset=\"https:\/\/eldiariodesanpedro.com.ar\/sitio\/wp-content\/uploads\/2019\/07\/WhatsApp-Image-2019-07-10-at-9.05.57-AM-2-768x1024.jpeg 768w, https:\/\/eldiariodesanpedro.com.ar\/sitio\/wp-content\/uploads\/2019\/07\/WhatsApp-Image-2019-07-10-at-9.05.57-AM-2-225x300.jpeg 225w, https:\/\/eldiariodesanpedro.com.ar\/sitio\/wp-content\/uploads\/2019\/07\/WhatsApp-Image-2019-07-10-at-9.05.57-AM-2.jpeg 960w\" data-sizes=\"(max-width: 768px) 100vw, 768px\" src=\"data:image\/svg+xml;base64,PHN2ZyB3aWR0aD0iMSIgaGVpZ2h0PSIxIiB4bWxucz0iaHR0cDovL3d3dy53My5vcmcvMjAwMC9zdmciPjwvc3ZnPg==\" style=\"--smush-placeholder-width: 768px; --smush-placeholder-aspect-ratio: 768\/1024;\" \/><\/figure><\/li><li class=\"blocks-gallery-item\"><figure><img decoding=\"async\" width=\"1024\" height=\"576\" data-attachment-id=\"55851\" data-permalink=\"https:\/\/eldiariodesanpedro.com.ar\/sitio\/varios-aprehendidos-en-operativos-de-saturacion\/whatsapp-image-2019-07-10-at-9-05-57-am-1\/\" data-orig-file=\"https:\/\/eldiariodesanpedro.com.ar\/sitio\/wp-content\/uploads\/2019\/07\/WhatsApp-Image-2019-07-10-at-9.05.57-AM-1.jpeg\" data-orig-size=\"1032,581\" data-comments-opened=\"1\" data-image-meta=\"{&quot;aperture&quot;:&quot;0&quot;,&quot;credit&quot;:&quot;&quot;,&quot;camera&quot;:&quot;&quot;,&quot;caption&quot;:&quot;&quot;,&quot;created_timestamp&quot;:&quot;0&quot;,&quot;copyright&quot;:&quot;&quot;,&quot;focal_length&quot;:&quot;0&quot;,&quot;iso&quot;:&quot;0&quot;,&quot;shutter_speed&quot;:&quot;0&quot;,&quot;title&quot;:&quot;&quot;,&quot;orientation&quot;:&quot;0&quot;}\" data-image-title=\"WhatsApp Image 2019-07-10 at 9.05.57 AM (1)\" data-image-description=\"\" data-image-caption=\"\" data-large-file=\"https:\/\/eldiariodesanpedro.com.ar\/sitio\/wp-content\/uploads\/2019\/07\/WhatsApp-Image-2019-07-10-at-9.05.57-AM-1-1024x576.jpeg\" data-src=\"https:\/\/eldiariodesanpedro.com.ar\/sitio\/wp-content\/uploads\/2019\/07\/WhatsApp-Image-2019-07-10-at-9.05.57-AM-1-1024x576.jpeg\" alt=\"\" data-id=\"55851\" data-link=\"https:\/\/eldiariodesanpedro.com.ar\/sitio\/?attachment_id=55851\" class=\"wp-image-55851 lazyload\" data-srcset=\"https:\/\/eldiariodesanpedro.com.ar\/sitio\/wp-content\/uploads\/2019\/07\/WhatsApp-Image-2019-07-10-at-9.05.57-AM-1-1024x576.jpeg 1024w, https:\/\/eldiariodesanpedro.com.ar\/sitio\/wp-content\/uploads\/2019\/07\/WhatsApp-Image-2019-07-10-at-9.05.57-AM-1-300x169.jpeg 300w, https:\/\/eldiariodesanpedro.com.ar\/sitio\/wp-content\/uploads\/2019\/07\/WhatsApp-Image-2019-07-10-at-9.05.57-AM-1-768x432.jpeg 768w, https:\/\/eldiariodesanpedro.com.ar\/sitio\/wp-content\/uploads\/2019\/07\/WhatsApp-Image-2019-07-10-at-9.05.57-AM-1.jpeg 1032w\" data-sizes=\"(max-width: 1024px) 100vw, 1024px\" src=\"data:image\/svg+xml;base64,PHN2ZyB3aWR0aD0iMSIgaGVpZ2h0PSIxIiB4bWxucz0iaHR0cDovL3d3dy53My5vcmcvMjAwMC9zdmciPjwvc3ZnPg==\" style=\"--smush-placeholder-width: 1024px; --smush-placeholder-aspect-ratio: 1024\/576;\" \/><\/figure><\/li><\/ul>\n\n\n\n<p>Los operativos en paraje La Tosquera tambi\u00e9n continuaron, personal de GAD procedi\u00f3 a la identificaci\u00f3n de personas en toda la zona, por el momento una persona fue aprehendida por captura activa con fecha del 23 de noviembre del 2004. Alojado en la comisaria a la espera de la intervenci\u00f3n de la fiscalia en turno.  <\/p>\n\n\n\n<ul class=\"wp-block-gallery columns-2 is-cropped wp-block-gallery-3 is-layout-flex wp-block-gallery-is-layout-flex\"><li class=\"blocks-gallery-item\"><figure><img decoding=\"async\" width=\"576\" height=\"1024\" data-attachment-id=\"55849\" data-permalink=\"https:\/\/eldiariodesanpedro.com.ar\/sitio\/varios-aprehendidos-en-operativos-de-saturacion\/whatsapp-image-2019-07-09-at-5-27-34-pm\/\" data-orig-file=\"https:\/\/eldiariodesanpedro.com.ar\/sitio\/wp-content\/uploads\/2019\/07\/WhatsApp-Image-2019-07-09-at-5.27.34-PM.jpeg\" data-orig-size=\"581,1032\" data-comments-opened=\"1\" data-image-meta=\"{&quot;aperture&quot;:&quot;0&quot;,&quot;credit&quot;:&quot;&quot;,&quot;camera&quot;:&quot;&quot;,&quot;caption&quot;:&quot;&quot;,&quot;created_timestamp&quot;:&quot;0&quot;,&quot;copyright&quot;:&quot;&quot;,&quot;focal_length&quot;:&quot;0&quot;,&quot;iso&quot;:&quot;0&quot;,&quot;shutter_speed&quot;:&quot;0&quot;,&quot;title&quot;:&quot;&quot;,&quot;orientation&quot;:&quot;0&quot;}\" data-image-title=\"WhatsApp Image 2019-07-09 at 5.27.34 PM\" data-image-description=\"\" data-image-caption=\"\" data-large-file=\"https:\/\/eldiariodesanpedro.com.ar\/sitio\/wp-content\/uploads\/2019\/07\/WhatsApp-Image-2019-07-09-at-5.27.34-PM-576x1024.jpeg\" data-src=\"https:\/\/eldiariodesanpedro.com.ar\/sitio\/wp-content\/uploads\/2019\/07\/WhatsApp-Image-2019-07-09-at-5.27.34-PM-576x1024.jpeg\" alt=\"\" data-id=\"55849\" data-link=\"https:\/\/eldiariodesanpedro.com.ar\/sitio\/?attachment_id=55849\" class=\"wp-image-55849 lazyload\" data-srcset=\"https:\/\/eldiariodesanpedro.com.ar\/sitio\/wp-content\/uploads\/2019\/07\/WhatsApp-Image-2019-07-09-at-5.27.34-PM-576x1024.jpeg 576w, https:\/\/eldiariodesanpedro.com.ar\/sitio\/wp-content\/uploads\/2019\/07\/WhatsApp-Image-2019-07-09-at-5.27.34-PM-169x300.jpeg 169w, https:\/\/eldiariodesanpedro.com.ar\/sitio\/wp-content\/uploads\/2019\/07\/WhatsApp-Image-2019-07-09-at-5.27.34-PM.jpeg 581w\" data-sizes=\"(max-width: 576px) 100vw, 576px\" src=\"data:image\/svg+xml;base64,PHN2ZyB3aWR0aD0iMSIgaGVpZ2h0PSIxIiB4bWxucz0iaHR0cDovL3d3dy53My5vcmcvMjAwMC9zdmciPjwvc3ZnPg==\" style=\"--smush-placeholder-width: 576px; --smush-placeholder-aspect-ratio: 576\/1024;\" \/><\/figure><\/li><li class=\"blocks-gallery-item\"><figure><img decoding=\"async\" width=\"1024\" height=\"576\" data-attachment-id=\"55763\" data-permalink=\"https:\/\/eldiariodesanpedro.com.ar\/sitio\/img_20190706_131159444_hdr\/\" data-orig-file=\"https:\/\/eldiariodesanpedro.com.ar\/sitio\/wp-content\/uploads\/2019\/07\/IMG_20190706_131159444_HDR.jpg\" data-orig-size=\"4160,2340\" data-comments-opened=\"1\" data-image-meta=\"{&quot;aperture&quot;:&quot;2.2&quot;,&quot;credit&quot;:&quot;&quot;,&quot;camera&quot;:&quot;motorola one&quot;,&quot;caption&quot;:&quot;&quot;,&quot;created_timestamp&quot;:&quot;1562418722&quot;,&quot;copyright&quot;:&quot;&quot;,&quot;focal_length&quot;:&quot;3.463&quot;,&quot;iso&quot;:&quot;100&quot;,&quot;shutter_speed&quot;:&quot;0.00056401579244219&quot;,&quot;title&quot;:&quot;&quot;,&quot;orientation&quot;:&quot;1&quot;}\" data-image-title=\"IMG_20190706_131159444_HDR\" data-image-description=\"\" data-image-caption=\"\" data-large-file=\"https:\/\/eldiariodesanpedro.com.ar\/sitio\/wp-content\/uploads\/2019\/07\/IMG_20190706_131159444_HDR-1024x576.jpg\" data-src=\"https:\/\/eldiariodesanpedro.com.ar\/sitio\/wp-content\/uploads\/2019\/07\/IMG_20190706_131159444_HDR-1024x576.jpg\" alt=\"\" data-id=\"55763\" data-link=\"https:\/\/eldiariodesanpedro.com.ar\/sitio\/img_20190706_131159444_hdr\/\" class=\"wp-image-55763 lazyload\" data-srcset=\"https:\/\/eldiariodesanpedro.com.ar\/sitio\/wp-content\/uploads\/2019\/07\/IMG_20190706_131159444_HDR-1024x576.jpg 1024w, https:\/\/eldiariodesanpedro.com.ar\/sitio\/wp-content\/uploads\/2019\/07\/IMG_20190706_131159444_HDR-300x169.jpg 300w, https:\/\/eldiariodesanpedro.com.ar\/sitio\/wp-content\/uploads\/2019\/07\/IMG_20190706_131159444_HDR-768x432.jpg 768w\" data-sizes=\"(max-width: 1024px) 100vw, 1024px\" src=\"data:image\/svg+xml;base64,PHN2ZyB3aWR0aD0iMSIgaGVpZ2h0PSIxIiB4bWxucz0iaHR0cDovL3d3dy53My5vcmcvMjAwMC9zdmciPjwvc3ZnPg==\" style=\"--smush-placeholder-width: 1024px; --smush-placeholder-aspect-ratio: 1024\/576;\" \/><\/figure><\/li><\/ul>\n\n\n\n<p>Ley 23.737 : La tenencia de estupefacientes es el derecho penal argentino. Los art\u00edculos 5 y 14 de la ley 23.737 castigan la tenencia de sustancias estupefaciente, el tener una cosa incriminada, la posesi\u00f3n de un objeto no representa peligro alguno, dicha posesi\u00f3n s\u00f3lo resulta peligrosa para los bienes jur\u00eddicos en la medida en que la posesi\u00f3n abre la posibilidad de que una persona lleve a cabo una acci\u00f3n que pueda conllevar un riesgo por el empleo de ese objeto,  y ello s\u00ed podr\u00eda estimarse como conducta peligrosa, explica la Ley.<\/p>\n\n\n\n<p><strong>Art. 5\u00ba<\/strong>&nbsp;\u2014 Ser\u00e1 reprimido con prisi\u00f3n de cuatro (4) a quince (15) a\u00f1os y multa de cuarenta y cinco (45) a novecientas (900) unidades fijas el que sin autorizaci\u00f3n o con destino ileg\u00edtimo:<\/p>\n\n\n\n<p>a) Siembre o cultive plantas o guarde semillas, precursores qu\u00edmicos o cualquier otra materia prima para producir o fabricar estupefacientes, o elementos destinados a tales fines;<\/p>\n\n\n\n<p>b) Produzca, fabrique, extraiga o prepare estupefacientes;<\/p>\n\n\n\n<p>c) Comercie con estupefacientes, precursores qu\u00edmicos o cualquier otra materia prima para su producci\u00f3n o fabricaci\u00f3n o los tenga con fines de comercializaci\u00f3n, o los distribuya, o d\u00e9 en pago, o almacene o transporte;<\/p>\n\n\n\n<p>d) Comercie con plantas o sus semillas, utilizables para producir estupefacientes, o las tenga con fines de comercializaci\u00f3n, o las distribuya, o las d\u00e9 en pago, o las almacene o transporte;<\/p>\n\n\n\n<p>e) Entregue, suministre, aplique o facilite a otros estupefacientes a t\u00edtulo oneroso. Si lo fuese a t\u00edtulo gratuito, se aplicar\u00e1 prisi\u00f3n de tres (3) a doce (12) a\u00f1os y multa de quince (15) a trescientas (300) unidades fijas.<\/p>\n\n\n\n<p>Si los hechos previstos en los incisos precedentes fueren ejecutados por quien desarrolla una actividad cuyo ejercicio dependa de una autorizaci\u00f3n, licencia o habilitaci\u00f3n del poder p\u00fablico, se aplicar\u00e1, adem\u00e1s, inhabilitaci\u00f3n especial de cinco (5) a quince (15) a\u00f1os.<\/p>\n\n\n\n<p>En el caso del inciso a), cuando por la escasa cantidad sembrada o cultivada y dem\u00e1s circunstancias, surja inequ\u00edvocamente que ella est\u00e1 destinada a obtener estupefacientes para consumo personal, la pena ser\u00e1 de un (1) mes a dos (2) a\u00f1os de prisi\u00f3n y ser\u00e1n aplicables los art\u00edculos 17, 18 y 21.<\/p>\n\n\n\n<p>En el caso del inciso e) del presente art\u00edculo, cuando la entrega, suministro o facilitaci\u00f3n fuere ocasional y a t\u00edtulo gratuito y por su escasa cantidad y dem\u00e1s circunstancias, surgiere inequ\u00edvocamente que es para uso personal de quien lo recepta, la pena ser\u00e1 de seis (6) meses a tres (3) a\u00f1os de prisi\u00f3n y, si correspondiere, ser\u00e1n aplicables los art\u00edculos 17, 18 y 21.<\/p>\n\n\n\n<p><strong>Art. 14<\/strong>\u00a0\u2014 Ser\u00e1 reprimido con prisi\u00f3n de uno a seis a\u00f1os y multa de trescientos a seis mil pesos el que tuviere en su poder estupefacientes.<\/p>\n\n\n\n<p>La pena ser\u00e1 de un mes a dos a\u00f1os de prisi\u00f3n cuando, por su escasa cantidad y dem\u00e1s circunstancias, surgiere inequ\u00edvocamente que la tenencia es para uso personal.<\/p>\n\n\n\n<p><br><\/p>\n","protected":false},"excerpt":{"rendered":"<p>Durante la tarde del martes personal de comisar\u00eda y Jefatura Departamental San Nicolas GAD, trabajaron arduamente en realizaci\u00f3n a los reiterados operativos de identificaci\u00f3n de personas y rodados en distintos puntos y barrios de la ciudad, tambi\u00e9n en paraje La Tosquera. Los resultados fueron aprehendidos por tenencia de estupefacientes, 1 moto adulterada y 1 captura [&hellip;]<\/p>\n","protected":false},"author":4,"featured_media":53199,"comment_status":"open","ping_status":"closed","sticky":false,"template":"","format":"standard","meta":{"om_disable_all_campaigns":false,"_jetpack_memberships_contains_paid_content":false,"footnotes":""},"categories":[50,2,103],"tags":[],"class_list":["post-55844","post","type-post","status-publish","format-standard","has-post-thumbnail","hentry","category-destacadas","category-locales","category-policiales-locales"],"aioseo_notices":[],"gutentor_comment":0,"jetpack_featured_media_url":"https:\/\/eldiariodesanpedro.com.ar\/sitio\/wp-content\/uploads\/2019\/05\/aprehendido-1.jpg","jetpack_shortlink":"https:\/\/wp.me\/p6RhLt-ewI","jetpack_sharing_enabled":true,"_links":{"self":[{"href":"https:\/\/eldiariodesanpedro.com.ar\/sitio\/wp-json\/wp\/v2\/posts\/55844","targetHints":{"allow":["GET"]}}],"collection":[{"href":"https:\/\/eldiariodesanpedro.com.ar\/sitio\/wp-json\/wp\/v2\/posts"}],"about":[{"href":"https:\/\/eldiariodesanpedro.com.ar\/sitio\/wp-json\/wp\/v2\/types\/post"}],"author":[{"embeddable":true,"href":"https:\/\/eldiariodesanpedro.com.ar\/sitio\/wp-json\/wp\/v2\/users\/4"}],"replies":[{"embeddable":true,"href":"https:\/\/eldiariodesanpedro.com.ar\/sitio\/wp-json\/wp\/v2\/comments?post=55844"}],"version-history":[{"count":2,"href":"https:\/\/eldiariodesanpedro.com.ar\/sitio\/wp-json\/wp\/v2\/posts\/55844\/revisions"}],"predecessor-version":[{"id":55866,"href":"https:\/\/eldiariodesanpedro.com.ar\/sitio\/wp-json\/wp\/v2\/posts\/55844\/revisions\/55866"}],"wp:featuredmedia":[{"embeddable":true,"href":"https:\/\/eldiariodesanpedro.com.ar\/sitio\/wp-json\/wp\/v2\/media\/53199"}],"wp:attachment":[{"href":"https:\/\/eldiariodesanpedro.com.ar\/sitio\/wp-json\/wp\/v2\/media?parent=55844"}],"wp:term":[{"taxonomy":"category","embeddable":true,"href":"https:\/\/eldiariodesanpedro.com.ar\/sitio\/wp-json\/wp\/v2\/categories?post=55844"},{"taxonomy":"post_tag","embeddable":true,"href":"https:\/\/eldiariodesanpedro.com.ar\/sitio\/wp-json\/wp\/v2\/tags?post=55844"}],"curies":[{"name":"wp","href":"https:\/\/api.w.org\/{rel}","templated":true}]}}