{"id":5584,"date":"2016-06-20T18:44:03","date_gmt":"2016-06-20T21:44:03","guid":{"rendered":"https:\/\/eldiariodesanpedro.com.ar\/sitio\/?p=5584"},"modified":"2016-06-20T18:44:03","modified_gmt":"2016-06-20T21:44:03","slug":"se-fue-otro-de-los-personajes-de-la-ciudad-murio-el-polaco","status":"publish","type":"post","link":"https:\/\/eldiariodesanpedro.com.ar\/sitio\/se-fue-otro-de-los-personajes-de-la-ciudad-murio-el-polaco\/","title":{"rendered":"Se fue otro de los personajes de la ciudad: Muri\u00f3 el \u201cPolaco\u201d"},"content":{"rendered":"<p><!-- VideographyWP Plugin Message: Automatic video embedding prevented by plugin options. --><br \/>\nSe lo pod\u00eda ver desde horas tempranas recorriendo las calles de la ciudad vendiendo productos en su carro, en estos \u00faltimos a\u00f1os escobillones por ejemplo. Vidov Petar Pedro alias \u201cEl Polaco\u201d fue encontrado en la ma\u00f1ana del s\u00e1bado sin vida en su casa, su m\u00e9dico de cabecera firm\u00f3 su certificado de defunci\u00f3n por muerte natural.<br \/>\nSus restos fueron inhumados el domingo en el cementerio local.<\/p>\n","protected":false},"excerpt":{"rendered":"<p>Se lo pod\u00eda ver desde horas tempranas recorriendo las calles de la ciudad vendiendo productos en su carro, en estos \u00faltimos a\u00f1os escobillones por ejemplo. Vidov Petar Pedro alias \u201cEl Polaco\u201d fue encontrado en la ma\u00f1ana del s\u00e1bado sin vida en su casa, su m\u00e9dico de cabecera firm\u00f3 su certificado de defunci\u00f3n por muerte natural. [&hellip;]<\/p>\n","protected":false},"author":4,"featured_media":5585,"comment_status":"open","ping_status":"closed","sticky":false,"template":"","format":"standard","meta":{"om_disable_all_campaigns":false,"_jetpack_memberships_contains_paid_content":false,"footnotes":""},"categories":[50,101,2],"tags":[],"class_list":["post-5584","post","type-post","status-publish","format-standard","has-post-thumbnail","hentry","category-destacadas","category-interes-general-locales","category-locales"],"aioseo_notices":[],"gutentor_comment":0,"jetpack_featured_media_url":"https:\/\/eldiariodesanpedro.com.ar\/sitio\/wp-content\/uploads\/2016\/06\/PAGINA-5-9.jpg","jetpack_shortlink":"https:\/\/wp.me\/p6RhLt-1s4","jetpack_sharing_enabled":true,"_links":{"self":[{"href":"https:\/\/eldiariodesanpedro.com.ar\/sitio\/wp-json\/wp\/v2\/posts\/5584","targetHints":{"allow":["GET"]}}],"collection":[{"href":"https:\/\/eldiariodesanpedro.com.ar\/sitio\/wp-json\/wp\/v2\/posts"}],"about":[{"href":"https:\/\/eldiariodesanpedro.com.ar\/sitio\/wp-json\/wp\/v2\/types\/post"}],"author":[{"embeddable":true,"href":"https:\/\/eldiariodesanpedro.com.ar\/sitio\/wp-json\/wp\/v2\/users\/4"}],"replies":[{"embeddable":true,"href":"https:\/\/eldiariodesanpedro.com.ar\/sitio\/wp-json\/wp\/v2\/comments?post=5584"}],"version-history":[{"count":1,"href":"https:\/\/eldiariodesanpedro.com.ar\/sitio\/wp-json\/wp\/v2\/posts\/5584\/revisions"}],"predecessor-version":[{"id":5586,"href":"https:\/\/eldiariodesanpedro.com.ar\/sitio\/wp-json\/wp\/v2\/posts\/5584\/revisions\/5586"}],"wp:featuredmedia":[{"embeddable":true,"href":"https:\/\/eldiariodesanpedro.com.ar\/sitio\/wp-json\/wp\/v2\/media\/5585"}],"wp:attachment":[{"href":"https:\/\/eldiariodesanpedro.com.ar\/sitio\/wp-json\/wp\/v2\/media?parent=5584"}],"wp:term":[{"taxonomy":"category","embeddable":true,"href":"https:\/\/eldiariodesanpedro.com.ar\/sitio\/wp-json\/wp\/v2\/categories?post=5584"},{"taxonomy":"post_tag","embeddable":true,"href":"https:\/\/eldiariodesanpedro.com.ar\/sitio\/wp-json\/wp\/v2\/tags?post=5584"}],"curies":[{"name":"wp","href":"https:\/\/api.w.org\/{rel}","templated":true}]}}